{"id":20617,"date":"2016-06-09T09:19:33","date_gmt":"2016-06-09T09:19:33","guid":{"rendered":"http:\/\/www.lavisqteam.fr\/?p=20617"},"modified":"2016-06-09T09:19:33","modified_gmt":"2016-06-09T09:19:33","slug":"the-flash-saison-2","status":"publish","type":"post","link":"https:\/\/www.lavisqteam.fr\/?p=20617","title":{"rendered":"The Flash Saison 2"},"content":{"rendered":"<p style=\"text-align: center;\"><a href=\"https:\/\/www.lavisqteam.fr\/wp-content\/uploads\/2016\/06\/The_Flash_season_2_poster_-_Its_Go_Time.png\"><img loading=\"lazy\" class=\"alignnone size-large wp-image-20618\" src=\"https:\/\/www.lavisqteam.fr\/wp-content\/uploads\/2016\/06\/The_Flash_season_2_poster_-_Its_Go_Time-819x1024.png\" alt=\"The_Flash_season_2_poster_-_It's_Go_Time\" width=\"600\" height=\"750\" srcset=\"https:\/\/www.lavisqteam.fr\/wp-content\/uploads\/2016\/06\/The_Flash_season_2_poster_-_Its_Go_Time-819x1024.png 819w, https:\/\/www.lavisqteam.fr\/wp-content\/uploads\/2016\/06\/The_Flash_season_2_poster_-_Its_Go_Time-240x300.png 240w, https:\/\/www.lavisqteam.fr\/wp-content\/uploads\/2016\/06\/The_Flash_season_2_poster_-_Its_Go_Time-768x961.png 768w, https:\/\/www.lavisqteam.fr\/wp-content\/uploads\/2016\/06\/The_Flash_season_2_poster_-_Its_Go_Time.png 1000w\" sizes=\"(max-width: 600px) 100vw, 600px\" \/><\/a><\/p>\n<p><strong>D\u2019Apr\u00e8s une Id\u00e9e de\u00a0: <\/strong>Greg Berlanti et Andrew Kreisberg<\/p>\n<p><strong>Avec <\/strong>Grant Gustin, Candice Patton, Rick Cosnett, Danielle Panabaker<\/p>\n<p><strong>Pays\u00a0: <\/strong>Etat-Unis<\/p>\n<p><strong>Genre\u00a0: <\/strong>Fantastique<\/p>\n<p><strong>Nombre d\u2019Episodes\u00a0: <\/strong>23<\/p>\n<p><strong>R\u00e9sum\u00e9\u00a0:<\/strong><\/p>\n<p>Jeune expert de la police scientifique de Central City, Barry Allen se retrouve dot\u00e9 d\u2019une vitesse extraordinaire apr\u00e8s avoir \u00e9t\u00e9 frapp\u00e9 par la foudre. Sous le costume de Flash, il utilise ses nouveaux pouvoirs pour combattre le crime.<\/p>\n<p><strong>Avis\u00a0:<\/strong><\/p>\n<p>S\u2019il y a une guerre qui semble sans merci et sans fin, c\u2019est bien celle entre Marvel et DC Comics. Depuis l\u2019av\u00e8nement du comics, ces deux maisons de production se d\u00e9battent comme des gladiatrices dans une ar\u00e8ne pour tirer vers elles la couverture afin d\u2019avoir le plus de profit possible. Cependant, on peut d\u00e9celer de nombreuses diff\u00e9rences entre les h\u00e9ros de chaque bo\u00eete, mais aussi et surtout un message compl\u00e8tement \u00e0 l\u2019oppos\u00e9. Car si DC s\u2019appuie sur des super-h\u00e9ros extraterrestre ou surpuissant remettant en cause la petitesse de l\u2019\u00eatre humain face \u00e0 des dieux vivants, Marvel choisit des th\u00e8mes plus terre \u00e0 terre avec des personnages qui sont humains \u00e0 la base et qui se voient investis d\u2019un grand pouvoir et donc de grandes responsabilit\u00e9s. Ce sch\u00e9ma narratif se retrouve m\u00eame dans les adaptations cin\u00e9s qui commencent \u00e0 m\u00e9chamment pulluler sur nos grands \u00e9crans comme nos petits t\u00e9l\u00e9viseurs. En effet, conqu\u00e9rir le monde par les salles obscures ne suffisait pas, il fallait envahir l\u2019objet pr\u00e9f\u00e9r\u00e9 des m\u00e9nag\u00e8res.<\/p>\n<p style=\"text-align: center;\"><a href=\"https:\/\/www.lavisqteam.fr\/wp-content\/uploads\/2016\/06\/flash-season-2-images-20.jpg\"><img loading=\"lazy\" class=\"alignnone  wp-image-20620\" src=\"https:\/\/www.lavisqteam.fr\/wp-content\/uploads\/2016\/06\/flash-season-2-images-20.jpg\" alt=\"flash-season-2-images-20\" width=\"600\" height=\"400\" srcset=\"https:\/\/www.lavisqteam.fr\/wp-content\/uploads\/2016\/06\/flash-season-2-images-20.jpg 700w, https:\/\/www.lavisqteam.fr\/wp-content\/uploads\/2016\/06\/flash-season-2-images-20-300x200.jpg 300w\" sizes=\"(max-width: 600px) 100vw, 600px\" \/><\/a><\/p>\n<p>Mais si Marvel domine les d\u00e9bats au cin\u00e9ma, \u00e0 la t\u00e9l\u00e9, c\u2019est une autre paire de manches. Il faut dire que DC a tap\u00e9 fort d\u00e8s le d\u00e9part pour ne plus s\u2019arr\u00eater, proposant coup sur coup <strong>Arrow<\/strong>, <strong>Gotham<\/strong>, <strong>Supergirl<\/strong>, <strong>Legends of Tomorrow<\/strong> et bien entendu <strong>The Flash<\/strong>. Et la r\u00e9elle surprise de l\u2019ann\u00e9e derni\u00e8re fut celle du bolide rouge qui a su charmer le spectateur avec une fra\u00eecheur salvatrice, d\u00e9laissant pour un temps la noirceur qui a fait les beaux jours d\u2019autres super-h\u00e9ros. Malheureusement, cette noirceur va vite rattraper le personnage au fil de la deuxi\u00e8me saison, qui, sans \u00eatre mauvaise, sera bien en-dessous de la premi\u00e8re. Il faut dire que ce qui faisait la diff\u00e9rence de <strong>Flash<\/strong> avec les autres s\u00e9ries DC, c\u2019est cette candeur que l\u2019on ne retrouvait pas ailleurs. Il flottait dans l\u2019air de cette s\u00e9rie comme un doux parfum des ann\u00e9es 80\/90 avec d\u2019anciennes s\u00e9ries super-h\u00e9ro\u00efques et on va vite voir que le souffl\u00e9 retombe vite.<\/p>\n<p>En effet, se voulant d\u2019une grande envergure, la s\u00e9rie aborde tr\u00e8s vite la notion du multivers, th\u00e9orie selon laquelle il y aurait plus Terre dans des dimensions parall\u00e8les. Arrive alors Zoom, un speedster bleu et d\u00e9moniaque qui veut devenir l\u2019homme le plus rapide du monde. Et tout laisse \u00e0 penser que ce m\u00e9chant sera vraiment badass. Que ce soit le costume, les intentions, les interactions, Zoom a vraiment un \u00e9norme potentiel pour que <strong>Flash<\/strong> devienne une s\u00e9rie incontournable. Malheureusement, ce sera tout le contraire qui va se passer. La s\u00e9rie, toujours aussi longue, va encha\u00eener les \u00e9pisodes qui ne servent \u00e0 rien et qui ne sont qu\u2019un empilement de m\u00e9chants de seconde zone \u00e0 \u00e9radiqu\u00e9. C\u2019est bien simple, depuis le d\u00e9but de la s\u00e9rie, Flash a affront\u00e9 34 m\u00e9chants pour 46 \u00e9pisodes. C\u2019est vraiment beaucoup et cela ne permet pas d\u2019\u00e9toffer l\u2019histoire de base, qui se concentre sur une entit\u00e9 miroir au super-h\u00e9ros. Pire que \u00e7a, la s\u00e9rie ne trouvera jamais le moment de se renouveler et proposera de v\u00e9ritables redites avec certains sidekicks. A titre d\u2019exemple, le personnage de Caitlin retombera dans les m\u00eames travers et il lui arrivera la m\u00eame chose que dans la saison pr\u00e9c\u00e9dente. Tr\u00e8s clairement, si cette saison ne manque pas d\u2019ambition et va s\u00fbrement plaire aux puristes retrouvant des m\u00e9chants issus des comics, il manque vraiment des enjeux dramatiques puissants.<\/p>\n<p>Le seul danger que court <strong>Flash<\/strong>, c\u2019est de perdre sa vitesse. On nous pond alors toute une histoire sur la force v\u00e9loce et la possibilit\u00e9 de perdre sa vitesse, mais \u00e0 chaque fois le h\u00e9ros s\u2019en sort et trouve un nouveau moyen de retrouver sa vitesse. C\u2019est tr\u00e8s redondant et emp\u00eache toute d\u00e9marche de d\u00e9veloppement des autres personnages. Alors bien entendu, certains \u00e9pisodes sortent du lot, notamment lorsque l\u2019on connait les v\u00e9ritables motivations de Zoom et son attitude meurtri\u00e8re, mais il n\u2019emp\u00eache que la s\u00e9rie ne sort jamais du sch\u00e9ma impos\u00e9 par la premi\u00e8re saison et encore une fois, certaines r\u00e9v\u00e9lations tombent, notamment celle de l\u2019identit\u00e9 du grand m\u00e9chant. Il y a beaucoup d\u2019incoh\u00e9rences temporelles et parfois, on sent les flottements sur les th\u00e9ories scientifiques fumeuses. Alors parfois \u00e7a passe, mais tr\u00e8s souvent on est proche du risible et cela n\u2019aide pas <strong>Flash<\/strong> \u00e0 garder cette noirceur voulue. Alors certes, tout n\u2019est pas \u00e0 jeter, loin de l\u00e0, mais il serait peut-\u00eatre temps de r\u00e9fl\u00e9chir \u00e0 un autre format pour la s\u00e9rie, car 23 \u00e9pisodes est beaucoup trop long et on perd en efficacit\u00e9.<\/p>\n<p style=\"text-align: center;\"><a href=\"https:\/\/www.lavisqteam.fr\/wp-content\/uploads\/2016\/06\/The-Flash-Season-2-King-Shark.jpg\"><img loading=\"lazy\" class=\"alignnone  wp-image-20619\" src=\"https:\/\/www.lavisqteam.fr\/wp-content\/uploads\/2016\/06\/The-Flash-Season-2-King-Shark.jpg\" alt=\"The-Flash-Season-2-King-Shark\" width=\"600\" height=\"400\" srcset=\"https:\/\/www.lavisqteam.fr\/wp-content\/uploads\/2016\/06\/The-Flash-Season-2-King-Shark.jpg 720w, https:\/\/www.lavisqteam.fr\/wp-content\/uploads\/2016\/06\/The-Flash-Season-2-King-Shark-300x200.jpg 300w\" sizes=\"(max-width: 600px) 100vw, 600px\" \/><\/a><\/p>\n<p>Au final, la deuxi\u00e8me saison de <strong>The Flash<\/strong> est une petite d\u00e9ception. Bien loin d\u2019\u00e9galer la premi\u00e8re saison, on tombe ici dans les travers de beaucoup de s\u00e9ries, c\u2019est-\u00e0-dire la redite pour \u00e9viter les prises de risque et ainsi complaire \u00e0 un public plus ou moins conquis. Cela ne marche qu\u2019\u00e0 moiti\u00e9, rendant tout un moment inutile et ne renfor\u00e7ant jamais le background des autres personnages. Bref, c\u2019est lorsque m\u00eame les moments touchants n\u2019\u00e9meuvent plus que l\u2019on peut se dire que c\u2019est \u00e0 moiti\u00e9 rat\u00e9, et c\u2019est exactement le cas avec cette saison qui ne parvient jamais \u00e0 vraiment d\u00e9coller pour s\u2019imposer comme la s\u00e9rie phare de chez DC, qui est d\u2019ailleurs en train de se faire moucher par <strong>Gotham<\/strong>, d\u2019un point de vue int\u00e9r\u00eat et histoire.<\/p>\n<p><strong>Note\u00a0: 12\/20<\/strong><\/p>\n<p style=\"text-align: center;\">[youtube]https:\/\/www.youtube.com\/watch?v=UMRBs0-OXCA[\/youtube]<\/p>\n<p style=\"text-align: right;\">Par <strong>AqME<\/strong><\/p>\n","protected":false},"excerpt":{"rendered":"<p>D\u2019Apr\u00e8s une Id\u00e9e de\u00a0: Greg Berlanti et Andrew Kreisberg Avec Grant Gustin, Candice Patton, Rick Cosnett, Danielle Panabaker Pays\u00a0: Etat-Unis Genre\u00a0: Fantastique Nombre d\u2019Episodes\u00a0: 23 &hellip; <\/p>\n","protected":false},"author":1,"featured_media":0,"comment_status":"open","ping_status":"open","sticky":false,"template":"","format":"standard","meta":[],"categories":[1],"tags":[],"yoast_head":"<!-- This site is optimized with the Yoast SEO plugin v19.6.1 - https:\/\/yoast.com\/wordpress\/plugins\/seo\/ -->\n<title>The Flash Saison 2 - Lavisqteam.fr<\/title>\n<meta name=\"robots\" content=\"index, follow, max-snippet:-1, max-image-preview:large, max-video-preview:-1\" \/>\n<link rel=\"canonical\" href=\"https:\/\/www.lavisqteam.fr\/?p=20617\" \/>\n<meta property=\"og:locale\" content=\"fr_FR\" \/>\n<meta property=\"og:type\" content=\"article\" \/>\n<meta property=\"og:title\" content=\"The Flash Saison 2 - Lavisqteam.fr\" \/>\n<meta property=\"og:description\" content=\"D\u2019Apr\u00e8s une Id\u00e9e de\u00a0: Greg Berlanti et Andrew Kreisberg Avec Grant Gustin, Candice Patton, Rick Cosnett, Danielle Panabaker Pays\u00a0: Etat-Unis Genre\u00a0: Fantastique Nombre d\u2019Episodes\u00a0: 23 &hellip;\" \/>\n<meta property=\"og:url\" content=\"https:\/\/www.lavisqteam.fr\/?p=20617\" \/>\n<meta property=\"og:site_name\" content=\"Lavisqteam.fr\" \/>\n<meta property=\"article:published_time\" content=\"2016-06-09T09:19:33+00:00\" \/>\n<meta property=\"og:image\" content=\"http:\/\/www.lavisqteam.fr\/wp-content\/uploads\/2016\/06\/The_Flash_season_2_poster_-_Its_Go_Time-819x1024.png\" \/>\n<meta name=\"author\" content=\"AqME\" \/>\n<meta name=\"twitter:card\" content=\"summary_large_image\" \/>\n<meta name=\"twitter:label1\" content=\"\u00c9crit par\" \/>\n\t<meta name=\"twitter:data1\" content=\"AqME\" \/>\n\t<meta name=\"twitter:label2\" content=\"Dur\u00e9e de lecture estim\u00e9e\" \/>\n\t<meta name=\"twitter:data2\" content=\"5 minutes\" \/>\n<script type=\"application\/ld+json\" class=\"yoast-schema-graph\">{\"@context\":\"https:\/\/schema.org\",\"@graph\":[{\"@type\":\"Article\",\"@id\":\"https:\/\/www.lavisqteam.fr\/?p=20617#article\",\"isPartOf\":{\"@id\":\"https:\/\/www.lavisqteam.fr\/?p=20617\"},\"author\":{\"name\":\"AqME\",\"@id\":\"https:\/\/www.lavisqteam.fr\/#\/schema\/person\/da11d7c30bf135b288b17cc576708c2d\"},\"headline\":\"The Flash Saison 2\",\"datePublished\":\"2016-06-09T09:19:33+00:00\",\"dateModified\":\"2016-06-09T09:19:33+00:00\",\"mainEntityOfPage\":{\"@id\":\"https:\/\/www.lavisqteam.fr\/?p=20617\"},\"wordCount\":1075,\"commentCount\":0,\"publisher\":{\"@id\":\"https:\/\/www.lavisqteam.fr\/#organization\"},\"articleSection\":[\"Uncategorized\"],\"inLanguage\":\"fr-FR\",\"potentialAction\":[{\"@type\":\"CommentAction\",\"name\":\"Comment\",\"target\":[\"https:\/\/www.lavisqteam.fr\/?p=20617#respond\"]}]},{\"@type\":\"WebPage\",\"@id\":\"https:\/\/www.lavisqteam.fr\/?p=20617\",\"url\":\"https:\/\/www.lavisqteam.fr\/?p=20617\",\"name\":\"The Flash Saison 2 - Lavisqteam.fr\",\"isPartOf\":{\"@id\":\"https:\/\/www.lavisqteam.fr\/#website\"},\"datePublished\":\"2016-06-09T09:19:33+00:00\",\"dateModified\":\"2016-06-09T09:19:33+00:00\",\"breadcrumb\":{\"@id\":\"https:\/\/www.lavisqteam.fr\/?p=20617#breadcrumb\"},\"inLanguage\":\"fr-FR\",\"potentialAction\":[{\"@type\":\"ReadAction\",\"target\":[\"https:\/\/www.lavisqteam.fr\/?p=20617\"]}]},{\"@type\":\"BreadcrumbList\",\"@id\":\"https:\/\/www.lavisqteam.fr\/?p=20617#breadcrumb\",\"itemListElement\":[{\"@type\":\"ListItem\",\"position\":1,\"name\":\"Accueil\",\"item\":\"https:\/\/www.lavisqteam.fr\/\"},{\"@type\":\"ListItem\",\"position\":2,\"name\":\"The Flash Saison 2\"}]},{\"@type\":\"WebSite\",\"@id\":\"https:\/\/www.lavisqteam.fr\/#website\",\"url\":\"https:\/\/www.lavisqteam.fr\/\",\"name\":\"Lavisqteam.fr\",\"description\":\"\",\"publisher\":{\"@id\":\"https:\/\/www.lavisqteam.fr\/#organization\"},\"potentialAction\":[{\"@type\":\"SearchAction\",\"target\":{\"@type\":\"EntryPoint\",\"urlTemplate\":\"https:\/\/www.lavisqteam.fr\/?s={search_term_string}\"},\"query-input\":\"required name=search_term_string\"}],\"inLanguage\":\"fr-FR\"},{\"@type\":\"Organization\",\"@id\":\"https:\/\/www.lavisqteam.fr\/#organization\",\"name\":\"Lavisqteam.fr\",\"url\":\"https:\/\/www.lavisqteam.fr\/\",\"sameAs\":[],\"logo\":{\"@type\":\"ImageObject\",\"inLanguage\":\"fr-FR\",\"@id\":\"https:\/\/www.lavisqteam.fr\/#\/schema\/logo\/image\/\",\"url\":\"https:\/\/www.lavisqteam.fr\/wp-content\/uploads\/2020\/08\/cropped-80879545_3479261675449035_4078032831501041664_o-4.jpg\",\"contentUrl\":\"https:\/\/www.lavisqteam.fr\/wp-content\/uploads\/2020\/08\/cropped-80879545_3479261675449035_4078032831501041664_o-4.jpg\",\"width\":1674,\"height\":536,\"caption\":\"Lavisqteam.fr\"},\"image\":{\"@id\":\"https:\/\/www.lavisqteam.fr\/#\/schema\/logo\/image\/\"}},{\"@type\":\"Person\",\"@id\":\"https:\/\/www.lavisqteam.fr\/#\/schema\/person\/da11d7c30bf135b288b17cc576708c2d\",\"name\":\"AqME\",\"image\":{\"@type\":\"ImageObject\",\"inLanguage\":\"fr-FR\",\"@id\":\"https:\/\/www.lavisqteam.fr\/#\/schema\/person\/image\/\",\"url\":\"https:\/\/secure.gravatar.com\/avatar\/4a87d013fc854acd0f25858a13573675?s=96&d=mm&r=g\",\"contentUrl\":\"https:\/\/secure.gravatar.com\/avatar\/4a87d013fc854acd0f25858a13573675?s=96&d=mm&r=g\",\"caption\":\"AqME\"},\"description\":\"Amateur d'horreur, M\u00e9talleux dans l'\u00e2me, je succombe facilement \u00e0 des images de chatons.\",\"url\":\"https:\/\/www.lavisqteam.fr\/?author=1\"}]}<\/script>\n<!-- \/ Yoast SEO plugin. -->","yoast_head_json":{"title":"The Flash Saison 2 - Lavisqteam.fr","robots":{"index":"index","follow":"follow","max-snippet":"max-snippet:-1","max-image-preview":"max-image-preview:large","max-video-preview":"max-video-preview:-1"},"canonical":"https:\/\/www.lavisqteam.fr\/?p=20617","og_locale":"fr_FR","og_type":"article","og_title":"The Flash Saison 2 - Lavisqteam.fr","og_description":"D\u2019Apr\u00e8s une Id\u00e9e de\u00a0: Greg Berlanti et Andrew Kreisberg Avec Grant Gustin, Candice Patton, Rick Cosnett, Danielle Panabaker Pays\u00a0: Etat-Unis Genre\u00a0: Fantastique Nombre d\u2019Episodes\u00a0: 23 &hellip;","og_url":"https:\/\/www.lavisqteam.fr\/?p=20617","og_site_name":"Lavisqteam.fr","article_published_time":"2016-06-09T09:19:33+00:00","og_image":[{"url":"http:\/\/www.lavisqteam.fr\/wp-content\/uploads\/2016\/06\/The_Flash_season_2_poster_-_Its_Go_Time-819x1024.png"}],"author":"AqME","twitter_card":"summary_large_image","twitter_misc":{"\u00c9crit par":"AqME","Dur\u00e9e de lecture estim\u00e9e":"5 minutes"},"schema":{"@context":"https:\/\/schema.org","@graph":[{"@type":"Article","@id":"https:\/\/www.lavisqteam.fr\/?p=20617#article","isPartOf":{"@id":"https:\/\/www.lavisqteam.fr\/?p=20617"},"author":{"name":"AqME","@id":"https:\/\/www.lavisqteam.fr\/#\/schema\/person\/da11d7c30bf135b288b17cc576708c2d"},"headline":"The Flash Saison 2","datePublished":"2016-06-09T09:19:33+00:00","dateModified":"2016-06-09T09:19:33+00:00","mainEntityOfPage":{"@id":"https:\/\/www.lavisqteam.fr\/?p=20617"},"wordCount":1075,"commentCount":0,"publisher":{"@id":"https:\/\/www.lavisqteam.fr\/#organization"},"articleSection":["Uncategorized"],"inLanguage":"fr-FR","potentialAction":[{"@type":"CommentAction","name":"Comment","target":["https:\/\/www.lavisqteam.fr\/?p=20617#respond"]}]},{"@type":"WebPage","@id":"https:\/\/www.lavisqteam.fr\/?p=20617","url":"https:\/\/www.lavisqteam.fr\/?p=20617","name":"The Flash Saison 2 - Lavisqteam.fr","isPartOf":{"@id":"https:\/\/www.lavisqteam.fr\/#website"},"datePublished":"2016-06-09T09:19:33+00:00","dateModified":"2016-06-09T09:19:33+00:00","breadcrumb":{"@id":"https:\/\/www.lavisqteam.fr\/?p=20617#breadcrumb"},"inLanguage":"fr-FR","potentialAction":[{"@type":"ReadAction","target":["https:\/\/www.lavisqteam.fr\/?p=20617"]}]},{"@type":"BreadcrumbList","@id":"https:\/\/www.lavisqteam.fr\/?p=20617#breadcrumb","itemListElement":[{"@type":"ListItem","position":1,"name":"Accueil","item":"https:\/\/www.lavisqteam.fr\/"},{"@type":"ListItem","position":2,"name":"The Flash Saison 2"}]},{"@type":"WebSite","@id":"https:\/\/www.lavisqteam.fr\/#website","url":"https:\/\/www.lavisqteam.fr\/","name":"Lavisqteam.fr","description":"","publisher":{"@id":"https:\/\/www.lavisqteam.fr\/#organization"},"potentialAction":[{"@type":"SearchAction","target":{"@type":"EntryPoint","urlTemplate":"https:\/\/www.lavisqteam.fr\/?s={search_term_string}"},"query-input":"required name=search_term_string"}],"inLanguage":"fr-FR"},{"@type":"Organization","@id":"https:\/\/www.lavisqteam.fr\/#organization","name":"Lavisqteam.fr","url":"https:\/\/www.lavisqteam.fr\/","sameAs":[],"logo":{"@type":"ImageObject","inLanguage":"fr-FR","@id":"https:\/\/www.lavisqteam.fr\/#\/schema\/logo\/image\/","url":"https:\/\/www.lavisqteam.fr\/wp-content\/uploads\/2020\/08\/cropped-80879545_3479261675449035_4078032831501041664_o-4.jpg","contentUrl":"https:\/\/www.lavisqteam.fr\/wp-content\/uploads\/2020\/08\/cropped-80879545_3479261675449035_4078032831501041664_o-4.jpg","width":1674,"height":536,"caption":"Lavisqteam.fr"},"image":{"@id":"https:\/\/www.lavisqteam.fr\/#\/schema\/logo\/image\/"}},{"@type":"Person","@id":"https:\/\/www.lavisqteam.fr\/#\/schema\/person\/da11d7c30bf135b288b17cc576708c2d","name":"AqME","image":{"@type":"ImageObject","inLanguage":"fr-FR","@id":"https:\/\/www.lavisqteam.fr\/#\/schema\/person\/image\/","url":"https:\/\/secure.gravatar.com\/avatar\/4a87d013fc854acd0f25858a13573675?s=96&d=mm&r=g","contentUrl":"https:\/\/secure.gravatar.com\/avatar\/4a87d013fc854acd0f25858a13573675?s=96&d=mm&r=g","caption":"AqME"},"description":"Amateur d'horreur, M\u00e9talleux dans l'\u00e2me, je succombe facilement \u00e0 des images de chatons.","url":"https:\/\/www.lavisqteam.fr\/?author=1"}]}},"jetpack_featured_media_url":"","_links":{"self":[{"href":"https:\/\/www.lavisqteam.fr\/index.php?rest_route=\/wp\/v2\/posts\/20617"}],"collection":[{"href":"https:\/\/www.lavisqteam.fr\/index.php?rest_route=\/wp\/v2\/posts"}],"about":[{"href":"https:\/\/www.lavisqteam.fr\/index.php?rest_route=\/wp\/v2\/types\/post"}],"author":[{"embeddable":true,"href":"https:\/\/www.lavisqteam.fr\/index.php?rest_route=\/wp\/v2\/users\/1"}],"replies":[{"embeddable":true,"href":"https:\/\/www.lavisqteam.fr\/index.php?rest_route=%2Fwp%2Fv2%2Fcomments&post=20617"}],"version-history":[{"count":1,"href":"https:\/\/www.lavisqteam.fr\/index.php?rest_route=\/wp\/v2\/posts\/20617\/revisions"}],"predecessor-version":[{"id":20621,"href":"https:\/\/www.lavisqteam.fr\/index.php?rest_route=\/wp\/v2\/posts\/20617\/revisions\/20621"}],"wp:attachment":[{"href":"https:\/\/www.lavisqteam.fr\/index.php?rest_route=%2Fwp%2Fv2%2Fmedia&parent=20617"}],"wp:term":[{"taxonomy":"category","embeddable":true,"href":"https:\/\/www.lavisqteam.fr\/index.php?rest_route=%2Fwp%2Fv2%2Fcategories&post=20617"},{"taxonomy":"post_tag","embeddable":true,"href":"https:\/\/www.lavisqteam.fr\/index.php?rest_route=%2Fwp%2Fv2%2Ftags&post=20617"}],"curies":[{"name":"wp","href":"https:\/\/api.w.org\/{rel}","templated":true}]}}