{"id":20123,"date":"2016-05-11T05:46:54","date_gmt":"2016-05-11T05:46:54","guid":{"rendered":"http:\/\/www.lavisqteam.fr\/?p=20123"},"modified":"2016-05-11T05:46:54","modified_gmt":"2016-05-11T05:46:54","slug":"la-cite-des-enfants-perdus","status":"publish","type":"post","link":"https:\/\/www.lavisqteam.fr\/?p=20123","title":{"rendered":"La Cit\u00e9 des Enfants Perdus"},"content":{"rendered":"<p style=\"text-align: center;\"><a href=\"https:\/\/www.lavisqteam.fr\/wp-content\/uploads\/2016\/05\/13180955_1313306935349379_1602763427_n.jpg\"><img loading=\"lazy\" class=\"alignnone  wp-image-20124\" src=\"https:\/\/www.lavisqteam.fr\/wp-content\/uploads\/2016\/05\/13180955_1313306935349379_1602763427_n.jpg\" alt=\"13180955_1313306935349379_1602763427_n\" width=\"600\" height=\"818\" srcset=\"https:\/\/www.lavisqteam.fr\/wp-content\/uploads\/2016\/05\/13180955_1313306935349379_1602763427_n.jpg 704w, https:\/\/www.lavisqteam.fr\/wp-content\/uploads\/2016\/05\/13180955_1313306935349379_1602763427_n-220x300.jpg 220w\" sizes=\"(max-width: 600px) 100vw, 600px\" \/><\/a><\/p>\n<p><strong>De: <\/strong>Jean-Pierre Jeunet et Marc Caro<\/p>\n<p><strong>Avec <\/strong>Ron Perlman, Daniel Emilfork, Dominique Pinon, Jean-Claude Dreyfus<\/p>\n<p><strong>Ann\u00e9e: <\/strong>1993<\/p>\n<p><strong>Pays: <\/strong>France, Allemagne, Espagne<\/p>\n<p><strong>Genre: <\/strong>Fantastique<\/p>\n<p><strong>R\u00e9sum\u00e9:<\/strong><\/p>\n<p>Krank, un \u00e9trange personnage vit entour\u00e9 de clones et d&rsquo;autres personnages encore plus \u00e9tranges sur une plate-forme en mer perdue dans le brouillard. Krank, doit, pour ne pas vieillir trop vite, voler les r\u00eaves des enfants. C&rsquo;est pour cela qu&rsquo;il les enl\u00e8ve de la cit\u00e9 portuaire.<\/p>\n<p><strong>Avis:<\/strong><\/p>\n<p>Jeunet\/Caro est un duo de r\u00e9alisateurs qui n&rsquo;a sorti que deux longs-m\u00e9trages, tous deux devenus culte. Alors que le premier film, \u00ab\u00a0<strong>Delicatessen<\/strong>\u00ab\u00a0, est sorti en 1991, les deux r\u00e9alisateurs avaient d\u00e9j\u00e0 une carri\u00e8re remarqu\u00e9e dans le milieu du court-m\u00e9trage. Car avant d&rsquo;arriver sur ce premier long, le duo s&rsquo;est rencontr\u00e9 et form\u00e9 une quinzaine d&rsquo;ann\u00e9es auparavant. Apr\u00e8s un premier court-m\u00e9trage en 1978, \u00ab\u00a0<strong>L&rsquo;\u00c9vasion<\/strong>\u00ab\u00a0, s&rsquo;ensuit deux autres courts-m\u00e9trages ainsi que des exp\u00e9riences de r\u00e9alisation chacun de leur c\u00f4t\u00e9, avant de se retrouver au d\u00e9but des ann\u00e9es 90.<\/p>\n<p>\u00ab\u00a0<strong>La cit\u00e9 des enfants perdus<\/strong>\u00a0\u00bb est un choc visuel, un choc incroyable, bluffant, fascinant et dingue. Un v\u00e9ritable plaisir \u00e0 d\u00e9couvrir, qui d\u00e9montre \u00e0 lui seul l&rsquo;ambition folle de deux r\u00e9alisateurs qui ont envie de faire bouger les choses et c&rsquo;est plus que r\u00e9ussi.<\/p>\n<p style=\"text-align: center;\"><a href=\"https:\/\/www.lavisqteam.fr\/wp-content\/uploads\/2016\/05\/13148022_1313306978682708_1873637771_o.jpg\"><img loading=\"lazy\" class=\"alignnone size-large wp-image-20126\" src=\"https:\/\/www.lavisqteam.fr\/wp-content\/uploads\/2016\/05\/13148022_1313306978682708_1873637771_o-1024x560.jpg\" alt=\"13148022_1313306978682708_1873637771_o\" width=\"600\" height=\"328\" srcset=\"https:\/\/www.lavisqteam.fr\/wp-content\/uploads\/2016\/05\/13148022_1313306978682708_1873637771_o-1024x560.jpg 1024w, https:\/\/www.lavisqteam.fr\/wp-content\/uploads\/2016\/05\/13148022_1313306978682708_1873637771_o-300x164.jpg 300w, https:\/\/www.lavisqteam.fr\/wp-content\/uploads\/2016\/05\/13148022_1313306978682708_1873637771_o-768x420.jpg 768w, https:\/\/www.lavisqteam.fr\/wp-content\/uploads\/2016\/05\/13148022_1313306978682708_1873637771_o.jpg 1200w\" sizes=\"(max-width: 600px) 100vw, 600px\" \/><\/a><\/p>\n<p>Dans le port d&rsquo;une cit\u00e9 glauque et sombre, un homme voit son petit fr\u00e8re se faire enlever sous ses yeux. Bien d\u00e9cid\u00e9 \u00e0 le retrouver, il fait la rencontre d&rsquo;enfants de la ville. Les enfants savent o\u00f9 le petit gamin a \u00e9t\u00e9 emmen\u00e9. L&rsquo;homme aide alors les enfants \u00e0 voler un coffre et en \u00e9change, la petite Zette l&#8217;emm\u00e8nera en mer retrouver son petit fr\u00e8re qui est d\u00e9tenu par l&rsquo;\u00e9trange et r\u00e9pugnant Krank.<\/p>\n<p>Bizarre et en m\u00eame temps tellement jouissif, \u00ab\u00a0<strong>la cit\u00e9 des enfants perdus<\/strong>\u00a0\u00bb est le m\u00e9lange de ces deux sentiments. Avec ce film, <em>Jeunet<\/em> et <em>Caro<\/em> ont r\u00e9alis\u00e9 un film unique et singulier qui ne ressemble \u00e0 rien de connu, ce qui est terriblement rafra\u00eechissant.<\/p>\n<p>Conte po\u00e9tique et macabre, \u00ab\u00a0<strong>La cit\u00e9 des enfants perdus<\/strong>\u00a0\u00bb est un fourmillement d&rsquo;id\u00e9es toutes plus dingues les unes que les autres. Si dans les grandes lignes de son sc\u00e9nario l&rsquo;histoire est assez simple, un homme veut retrouver son petit fr\u00e8re enlev\u00e9, le film prend une profondeur et une aura incroyable dans toutes les nuances et les id\u00e9es qui accompagnent cette histoire.<\/p>\n<p>Ce qui est fascinant \u00e0 la d\u00e9couverte de ce film, c&rsquo;est dans un premier temps la r\u00e9alisation. Un v\u00e9ritable choc, unique en son genre. D\u00e8s l&rsquo;ouverture, on d\u00e9couvre un film incroyable. <em>Caro<\/em> s&rsquo;est occup\u00e9 de l&rsquo;univers, Jeunet de la mise en sc\u00e8ne et les deux font la paire. On n\u2019entre pas dans ce film, on plonge litt\u00e9ralement dedans. On se fait absorber et il est bien impossible de d\u00e9coller ses yeux de l&rsquo;\u00e9cran. \u00ab\u00a0<strong>La cit\u00e9 des enfants perdus<\/strong>\u00a0\u00bb est un univers magique et gla\u00e7ant \u00e0 la fois. Les d\u00e9cors sont incroyables et ont peu d&rsquo;\u00e9quivalents dans notre cin\u00e9ma. Les r\u00e9alisateurs empruntent au conte de f\u00e9e macabre, au cin\u00e9ma d&rsquo;horreur, au cin\u00e9ma surr\u00e9aliste, \u00e0 la science-fiction et au fantastique. Ici, tout est inqui\u00e9tant et en m\u00eame temps merveilleux.<\/p>\n<p>Bourr\u00e9e d&rsquo;id\u00e9es, la r\u00e9alisation de <em>Jeunet<\/em> est exemplaire. \u00ab\u00a0<strong>La cit\u00e9 des enfant perdus<\/strong>\u00a0\u00bb d\u00e9tient une id\u00e9e \u00e0 la minute. Os\u00e9, audacieux, inhabituel, <em>Jeunet<\/em> bouscule ce qu&rsquo;on voit d&rsquo;ordinaire. Les plans, les cadrages et les mouvements de cam\u00e9ra sont incroyables. La photographie est plus que somptueuse et d\u00e9tient quelque chose d&rsquo;unique. Alors que le film a aujourd&rsquo;hui plus d&rsquo;une vingtaine d&rsquo;ann\u00e9es, il n&rsquo;a pas pris une ride et mieux encore, sur bien des points, il est une le\u00e7on dont beaucoup devraient s&rsquo;en inspirer.<\/p>\n<p>\u00ab\u00a0<strong>La cit\u00e9 des enfants perdus<\/strong>\u00ab\u00a0, c&rsquo;est aussi des personnages flippants et marquants. Encore une fois, le film est d&rsquo;une richesse folle. Chaque personnage est parfaitement pens\u00e9, imagin\u00e9, \u00e9crit et mis en image. Chaque com\u00e9dien est \u00e0 sa place et arrive \u00e0 \u00eatre marquant. Chaque com\u00e9dien se d\u00e9marque des autres tout en ne faisant qu&rsquo;un avec l&rsquo;ensemble. <em>Ron Perlman<\/em> est extraordinaire, <em>Dominique Pinon<\/em> exceptionnel, <em>Daniel Emilfork<\/em> fascinant, <em>Jean-Claude Dreyfus <\/em>g\u00e9nial, puis tous les gamins sont parfaits. <em>Jeunet<\/em> et <em>Caro<\/em> ont trouv\u00e9 les acteurs qu&rsquo;il fallait pour incarner ces personnages atypiques et cauchemardesques.<\/p>\n<p style=\"text-align: center;\"><a href=\"https:\/\/www.lavisqteam.fr\/wp-content\/uploads\/2016\/05\/13161984_1313307078682698_901500343_n.jpg\"><img loading=\"lazy\" class=\"alignnone  wp-image-20125\" src=\"https:\/\/www.lavisqteam.fr\/wp-content\/uploads\/2016\/05\/13161984_1313307078682698_901500343_n.jpg\" alt=\"13161984_1313307078682698_901500343_n\" width=\"600\" height=\"392\" srcset=\"https:\/\/www.lavisqteam.fr\/wp-content\/uploads\/2016\/05\/13161984_1313307078682698_901500343_n.jpg 960w, https:\/\/www.lavisqteam.fr\/wp-content\/uploads\/2016\/05\/13161984_1313307078682698_901500343_n-300x196.jpg 300w, https:\/\/www.lavisqteam.fr\/wp-content\/uploads\/2016\/05\/13161984_1313307078682698_901500343_n-768x502.jpg 768w\" sizes=\"(max-width: 600px) 100vw, 600px\" \/><\/a><\/p>\n<p>L&rsquo;exp\u00e9rience fut donc fascinante et novatrice, et m\u00eame si l\u2019intrigue aurait pu \u00eatre moins simple. <em>Jeunet<\/em> et <em>Caro<\/em> ont offert-l\u00e0 une \u0153uvre d&rsquo;une noirceur absolue, incroyable, magnifique et terrifiante, ce film marque pour longtemps celui qui le regarde. D&rsquo;une richesse folle, c&rsquo;est avec plaisir qu&rsquo;on d\u00e9couvre qu&rsquo;il nous faudra bien un deuxi\u00e8me, voire m\u00eame un troisi\u00e8me visionnage pour continuer de d\u00e9couvrir toutes les subtilit\u00e9s, les merveilles et les trouvailles dont le film jouit. Bref, \u00ab\u00a0<strong>La cit\u00e9 des enfants perdus<\/strong>\u00a0\u00bb est un petit bijou !<\/p>\n<p><strong>Note: 17\/20<\/strong><\/p>\n<p style=\"text-align: center;\">[youtube]https:\/\/www.youtube.com\/watch?v=aSPmtX5KzEw[\/youtube]<\/p>\n<p style=\"text-align: right;\">Par <strong>Cin\u00e9ted<\/strong><\/p>\n","protected":false},"excerpt":{"rendered":"<p>De: Jean-Pierre Jeunet et Marc Caro Avec Ron Perlman, Daniel Emilfork, Dominique Pinon, Jean-Claude Dreyfus Ann\u00e9e: 1993 Pays: France, Allemagne, Espagne Genre: Fantastique R\u00e9sum\u00e9: Krank, &hellip; <\/p>\n","protected":false},"author":1,"featured_media":0,"comment_status":"open","ping_status":"open","sticky":false,"template":"","format":"standard","meta":[],"categories":[1],"tags":[],"yoast_head":"<!-- This site is optimized with the Yoast SEO plugin v19.6.1 - https:\/\/yoast.com\/wordpress\/plugins\/seo\/ -->\n<title>La Cit\u00e9 des Enfants Perdus - Lavisqteam.fr<\/title>\n<meta name=\"robots\" content=\"index, follow, max-snippet:-1, max-image-preview:large, max-video-preview:-1\" \/>\n<link rel=\"canonical\" href=\"https:\/\/www.lavisqteam.fr\/?p=20123\" \/>\n<meta property=\"og:locale\" content=\"fr_FR\" \/>\n<meta property=\"og:type\" content=\"article\" \/>\n<meta property=\"og:title\" content=\"La Cit\u00e9 des Enfants Perdus - Lavisqteam.fr\" \/>\n<meta property=\"og:description\" content=\"De: Jean-Pierre Jeunet et Marc Caro Avec Ron Perlman, Daniel Emilfork, Dominique Pinon, Jean-Claude Dreyfus Ann\u00e9e: 1993 Pays: France, Allemagne, Espagne Genre: Fantastique R\u00e9sum\u00e9: Krank, &hellip;\" \/>\n<meta property=\"og:url\" content=\"https:\/\/www.lavisqteam.fr\/?p=20123\" \/>\n<meta property=\"og:site_name\" content=\"Lavisqteam.fr\" \/>\n<meta property=\"article:published_time\" content=\"2016-05-11T05:46:54+00:00\" \/>\n<meta property=\"og:image\" content=\"http:\/\/www.lavisqteam.fr\/wp-content\/uploads\/2016\/05\/13180955_1313306935349379_1602763427_n.jpg\" \/>\n<meta name=\"author\" content=\"AqME\" \/>\n<meta name=\"twitter:card\" content=\"summary_large_image\" \/>\n<meta name=\"twitter:label1\" content=\"\u00c9crit par\" \/>\n\t<meta name=\"twitter:data1\" content=\"AqME\" \/>\n\t<meta name=\"twitter:label2\" content=\"Dur\u00e9e de lecture estim\u00e9e\" \/>\n\t<meta name=\"twitter:data2\" content=\"4 minutes\" \/>\n<script type=\"application\/ld+json\" class=\"yoast-schema-graph\">{\"@context\":\"https:\/\/schema.org\",\"@graph\":[{\"@type\":\"Article\",\"@id\":\"https:\/\/www.lavisqteam.fr\/?p=20123#article\",\"isPartOf\":{\"@id\":\"https:\/\/www.lavisqteam.fr\/?p=20123\"},\"author\":{\"name\":\"AqME\",\"@id\":\"https:\/\/www.lavisqteam.fr\/#\/schema\/person\/da11d7c30bf135b288b17cc576708c2d\"},\"headline\":\"La Cit\u00e9 des Enfants Perdus\",\"datePublished\":\"2016-05-11T05:46:54+00:00\",\"dateModified\":\"2016-05-11T05:46:54+00:00\",\"mainEntityOfPage\":{\"@id\":\"https:\/\/www.lavisqteam.fr\/?p=20123\"},\"wordCount\":852,\"commentCount\":0,\"publisher\":{\"@id\":\"https:\/\/www.lavisqteam.fr\/#organization\"},\"articleSection\":[\"Uncategorized\"],\"inLanguage\":\"fr-FR\",\"potentialAction\":[{\"@type\":\"CommentAction\",\"name\":\"Comment\",\"target\":[\"https:\/\/www.lavisqteam.fr\/?p=20123#respond\"]}]},{\"@type\":\"WebPage\",\"@id\":\"https:\/\/www.lavisqteam.fr\/?p=20123\",\"url\":\"https:\/\/www.lavisqteam.fr\/?p=20123\",\"name\":\"La Cit\u00e9 des Enfants Perdus - Lavisqteam.fr\",\"isPartOf\":{\"@id\":\"https:\/\/www.lavisqteam.fr\/#website\"},\"datePublished\":\"2016-05-11T05:46:54+00:00\",\"dateModified\":\"2016-05-11T05:46:54+00:00\",\"breadcrumb\":{\"@id\":\"https:\/\/www.lavisqteam.fr\/?p=20123#breadcrumb\"},\"inLanguage\":\"fr-FR\",\"potentialAction\":[{\"@type\":\"ReadAction\",\"target\":[\"https:\/\/www.lavisqteam.fr\/?p=20123\"]}]},{\"@type\":\"BreadcrumbList\",\"@id\":\"https:\/\/www.lavisqteam.fr\/?p=20123#breadcrumb\",\"itemListElement\":[{\"@type\":\"ListItem\",\"position\":1,\"name\":\"Accueil\",\"item\":\"https:\/\/www.lavisqteam.fr\/\"},{\"@type\":\"ListItem\",\"position\":2,\"name\":\"La Cit\u00e9 des Enfants Perdus\"}]},{\"@type\":\"WebSite\",\"@id\":\"https:\/\/www.lavisqteam.fr\/#website\",\"url\":\"https:\/\/www.lavisqteam.fr\/\",\"name\":\"Lavisqteam.fr\",\"description\":\"\",\"publisher\":{\"@id\":\"https:\/\/www.lavisqteam.fr\/#organization\"},\"potentialAction\":[{\"@type\":\"SearchAction\",\"target\":{\"@type\":\"EntryPoint\",\"urlTemplate\":\"https:\/\/www.lavisqteam.fr\/?s={search_term_string}\"},\"query-input\":\"required name=search_term_string\"}],\"inLanguage\":\"fr-FR\"},{\"@type\":\"Organization\",\"@id\":\"https:\/\/www.lavisqteam.fr\/#organization\",\"name\":\"Lavisqteam.fr\",\"url\":\"https:\/\/www.lavisqteam.fr\/\",\"sameAs\":[],\"logo\":{\"@type\":\"ImageObject\",\"inLanguage\":\"fr-FR\",\"@id\":\"https:\/\/www.lavisqteam.fr\/#\/schema\/logo\/image\/\",\"url\":\"https:\/\/www.lavisqteam.fr\/wp-content\/uploads\/2020\/08\/cropped-80879545_3479261675449035_4078032831501041664_o-4.jpg\",\"contentUrl\":\"https:\/\/www.lavisqteam.fr\/wp-content\/uploads\/2020\/08\/cropped-80879545_3479261675449035_4078032831501041664_o-4.jpg\",\"width\":1674,\"height\":536,\"caption\":\"Lavisqteam.fr\"},\"image\":{\"@id\":\"https:\/\/www.lavisqteam.fr\/#\/schema\/logo\/image\/\"}},{\"@type\":\"Person\",\"@id\":\"https:\/\/www.lavisqteam.fr\/#\/schema\/person\/da11d7c30bf135b288b17cc576708c2d\",\"name\":\"AqME\",\"image\":{\"@type\":\"ImageObject\",\"inLanguage\":\"fr-FR\",\"@id\":\"https:\/\/www.lavisqteam.fr\/#\/schema\/person\/image\/\",\"url\":\"https:\/\/secure.gravatar.com\/avatar\/4a87d013fc854acd0f25858a13573675?s=96&d=mm&r=g\",\"contentUrl\":\"https:\/\/secure.gravatar.com\/avatar\/4a87d013fc854acd0f25858a13573675?s=96&d=mm&r=g\",\"caption\":\"AqME\"},\"description\":\"Amateur d'horreur, M\u00e9talleux dans l'\u00e2me, je succombe facilement \u00e0 des images de chatons.\",\"url\":\"https:\/\/www.lavisqteam.fr\/?author=1\"}]}<\/script>\n<!-- \/ Yoast SEO plugin. -->","yoast_head_json":{"title":"La Cit\u00e9 des Enfants Perdus - Lavisqteam.fr","robots":{"index":"index","follow":"follow","max-snippet":"max-snippet:-1","max-image-preview":"max-image-preview:large","max-video-preview":"max-video-preview:-1"},"canonical":"https:\/\/www.lavisqteam.fr\/?p=20123","og_locale":"fr_FR","og_type":"article","og_title":"La Cit\u00e9 des Enfants Perdus - Lavisqteam.fr","og_description":"De: Jean-Pierre Jeunet et Marc Caro Avec Ron Perlman, Daniel Emilfork, Dominique Pinon, Jean-Claude Dreyfus Ann\u00e9e: 1993 Pays: France, Allemagne, Espagne Genre: Fantastique R\u00e9sum\u00e9: Krank, &hellip;","og_url":"https:\/\/www.lavisqteam.fr\/?p=20123","og_site_name":"Lavisqteam.fr","article_published_time":"2016-05-11T05:46:54+00:00","og_image":[{"url":"http:\/\/www.lavisqteam.fr\/wp-content\/uploads\/2016\/05\/13180955_1313306935349379_1602763427_n.jpg"}],"author":"AqME","twitter_card":"summary_large_image","twitter_misc":{"\u00c9crit par":"AqME","Dur\u00e9e de lecture estim\u00e9e":"4 minutes"},"schema":{"@context":"https:\/\/schema.org","@graph":[{"@type":"Article","@id":"https:\/\/www.lavisqteam.fr\/?p=20123#article","isPartOf":{"@id":"https:\/\/www.lavisqteam.fr\/?p=20123"},"author":{"name":"AqME","@id":"https:\/\/www.lavisqteam.fr\/#\/schema\/person\/da11d7c30bf135b288b17cc576708c2d"},"headline":"La Cit\u00e9 des Enfants Perdus","datePublished":"2016-05-11T05:46:54+00:00","dateModified":"2016-05-11T05:46:54+00:00","mainEntityOfPage":{"@id":"https:\/\/www.lavisqteam.fr\/?p=20123"},"wordCount":852,"commentCount":0,"publisher":{"@id":"https:\/\/www.lavisqteam.fr\/#organization"},"articleSection":["Uncategorized"],"inLanguage":"fr-FR","potentialAction":[{"@type":"CommentAction","name":"Comment","target":["https:\/\/www.lavisqteam.fr\/?p=20123#respond"]}]},{"@type":"WebPage","@id":"https:\/\/www.lavisqteam.fr\/?p=20123","url":"https:\/\/www.lavisqteam.fr\/?p=20123","name":"La Cit\u00e9 des Enfants Perdus - Lavisqteam.fr","isPartOf":{"@id":"https:\/\/www.lavisqteam.fr\/#website"},"datePublished":"2016-05-11T05:46:54+00:00","dateModified":"2016-05-11T05:46:54+00:00","breadcrumb":{"@id":"https:\/\/www.lavisqteam.fr\/?p=20123#breadcrumb"},"inLanguage":"fr-FR","potentialAction":[{"@type":"ReadAction","target":["https:\/\/www.lavisqteam.fr\/?p=20123"]}]},{"@type":"BreadcrumbList","@id":"https:\/\/www.lavisqteam.fr\/?p=20123#breadcrumb","itemListElement":[{"@type":"ListItem","position":1,"name":"Accueil","item":"https:\/\/www.lavisqteam.fr\/"},{"@type":"ListItem","position":2,"name":"La Cit\u00e9 des Enfants Perdus"}]},{"@type":"WebSite","@id":"https:\/\/www.lavisqteam.fr\/#website","url":"https:\/\/www.lavisqteam.fr\/","name":"Lavisqteam.fr","description":"","publisher":{"@id":"https:\/\/www.lavisqteam.fr\/#organization"},"potentialAction":[{"@type":"SearchAction","target":{"@type":"EntryPoint","urlTemplate":"https:\/\/www.lavisqteam.fr\/?s={search_term_string}"},"query-input":"required name=search_term_string"}],"inLanguage":"fr-FR"},{"@type":"Organization","@id":"https:\/\/www.lavisqteam.fr\/#organization","name":"Lavisqteam.fr","url":"https:\/\/www.lavisqteam.fr\/","sameAs":[],"logo":{"@type":"ImageObject","inLanguage":"fr-FR","@id":"https:\/\/www.lavisqteam.fr\/#\/schema\/logo\/image\/","url":"https:\/\/www.lavisqteam.fr\/wp-content\/uploads\/2020\/08\/cropped-80879545_3479261675449035_4078032831501041664_o-4.jpg","contentUrl":"https:\/\/www.lavisqteam.fr\/wp-content\/uploads\/2020\/08\/cropped-80879545_3479261675449035_4078032831501041664_o-4.jpg","width":1674,"height":536,"caption":"Lavisqteam.fr"},"image":{"@id":"https:\/\/www.lavisqteam.fr\/#\/schema\/logo\/image\/"}},{"@type":"Person","@id":"https:\/\/www.lavisqteam.fr\/#\/schema\/person\/da11d7c30bf135b288b17cc576708c2d","name":"AqME","image":{"@type":"ImageObject","inLanguage":"fr-FR","@id":"https:\/\/www.lavisqteam.fr\/#\/schema\/person\/image\/","url":"https:\/\/secure.gravatar.com\/avatar\/4a87d013fc854acd0f25858a13573675?s=96&d=mm&r=g","contentUrl":"https:\/\/secure.gravatar.com\/avatar\/4a87d013fc854acd0f25858a13573675?s=96&d=mm&r=g","caption":"AqME"},"description":"Amateur d'horreur, M\u00e9talleux dans l'\u00e2me, je succombe facilement \u00e0 des images de chatons.","url":"https:\/\/www.lavisqteam.fr\/?author=1"}]}},"jetpack_featured_media_url":"","_links":{"self":[{"href":"https:\/\/www.lavisqteam.fr\/index.php?rest_route=\/wp\/v2\/posts\/20123"}],"collection":[{"href":"https:\/\/www.lavisqteam.fr\/index.php?rest_route=\/wp\/v2\/posts"}],"about":[{"href":"https:\/\/www.lavisqteam.fr\/index.php?rest_route=\/wp\/v2\/types\/post"}],"author":[{"embeddable":true,"href":"https:\/\/www.lavisqteam.fr\/index.php?rest_route=\/wp\/v2\/users\/1"}],"replies":[{"embeddable":true,"href":"https:\/\/www.lavisqteam.fr\/index.php?rest_route=%2Fwp%2Fv2%2Fcomments&post=20123"}],"version-history":[{"count":1,"href":"https:\/\/www.lavisqteam.fr\/index.php?rest_route=\/wp\/v2\/posts\/20123\/revisions"}],"predecessor-version":[{"id":20127,"href":"https:\/\/www.lavisqteam.fr\/index.php?rest_route=\/wp\/v2\/posts\/20123\/revisions\/20127"}],"wp:attachment":[{"href":"https:\/\/www.lavisqteam.fr\/index.php?rest_route=%2Fwp%2Fv2%2Fmedia&parent=20123"}],"wp:term":[{"taxonomy":"category","embeddable":true,"href":"https:\/\/www.lavisqteam.fr\/index.php?rest_route=%2Fwp%2Fv2%2Fcategories&post=20123"},{"taxonomy":"post_tag","embeddable":true,"href":"https:\/\/www.lavisqteam.fr\/index.php?rest_route=%2Fwp%2Fv2%2Ftags&post=20123"}],"curies":[{"name":"wp","href":"https:\/\/api.w.org\/{rel}","templated":true}]}}