{"id":19170,"date":"2016-02-27T17:20:51","date_gmt":"2016-02-27T17:20:51","guid":{"rendered":"http:\/\/www.lavisqteam.fr\/?p=19170"},"modified":"2016-02-27T17:20:51","modified_gmt":"2016-02-27T17:20:51","slug":"les-derniers-jours","status":"publish","type":"post","link":"https:\/\/www.lavisqteam.fr\/?p=19170","title":{"rendered":"Les Derniers Jours"},"content":{"rendered":"<p style=\"text-align: center;\"><a href=\"https:\/\/www.lavisqteam.fr\/wp-content\/uploads\/2016\/02\/12784501_1251548381525235_1727889612_n.jpg\" rel=\"attachment wp-att-19171\"><img loading=\"lazy\" class=\"alignnone  wp-image-19171\" src=\"https:\/\/www.lavisqteam.fr\/wp-content\/uploads\/2016\/02\/12784501_1251548381525235_1727889612_n.jpg\" alt=\"12784501_1251548381525235_1727889612_n\" width=\"600\" height=\"801\" srcset=\"https:\/\/www.lavisqteam.fr\/wp-content\/uploads\/2016\/02\/12784501_1251548381525235_1727889612_n.jpg 720w, https:\/\/www.lavisqteam.fr\/wp-content\/uploads\/2016\/02\/12784501_1251548381525235_1727889612_n-225x300.jpg 225w\" sizes=\"(max-width: 600px) 100vw, 600px\" \/><\/a><\/p>\n<p><strong>Titre Original\u00a0: <\/strong>Los Ultimas Dias<\/p>\n<p><strong>De\u00a0: <\/strong>Alex et David Pastor<\/p>\n<p><strong>Avec <\/strong>Quim Gutierrez, Jos\u00e9 Coronado, Marta Etura, Leticia Dolera<\/p>\n<p><strong>Ann\u00e9e\u00a0: <\/strong>2013<\/p>\n<p><strong>Pays\u00a0: <\/strong>Espagne<\/p>\n<p><strong>Genre\u00a0: <\/strong>Science-Fiction<\/p>\n<p><strong>R\u00e9sum\u00e9\u00a0:<\/strong><\/p>\n<p>Depuis la propagation d\u2019un \u00e9trange et foudroyant virus, le monde est devenu terrifiant : sortir est d\u00e9sormais impossible. Dans leurs maisons, leurs bureaux, les gares, les gens sont condamn\u00e9s \u00e0 vivre cloitr\u00e9s et doivent se battre pour leur survie. A Barcelone, Marc, pi\u00e9g\u00e9 dans son bureau, se retrouve s\u00e9par\u00e9 de sa femme Julia. Contraint de faire \u00e9quipe avec Enrique, son pire ennemi, il part \u00e0 sa recherche dans les entrailles de la ville \u2026<\/p>\n<p><strong>Avis\u00a0:<\/strong><\/p>\n<p>Arrivant un peu plus tard que d&rsquo;autres, les fr\u00e8res <em>Pastor<\/em> font partie de la nouvelle vague du cin\u00e9ma espagnol des ann\u00e9es 2000. Une vague amen\u00e9e avec <em>Alejandro Amenabar<\/em>, <em>Juan Antonio Bayona<\/em>, <em>Jaume Balaguero<\/em>, <em>Paco Plaza<\/em>, <em>Cesc Gay<\/em> ou encore <em>Daniel Monz\u00f3n<\/em> et <em>Alberto Rodriguez<\/em> pour ne citer qu&rsquo;eux. Choisissant un autre chemin, c&rsquo;est aux Etats-Unis qu&rsquo;ils ont commenc\u00e9 leur carri\u00e8re en 2009 avec le film \u00ab\u00a0<strong>Infect\u00e9s<\/strong>\u00ab\u00a0, un petit \u00e9chec commercial. Depuis, ils sont revenus en Europe pour ce second film ambitieux.<\/p>\n<p>Sorti en 2013 dans tr\u00e8s peu de salles, \u00ab\u00a0<strong>Les derniers jours<\/strong>\u00ab\u00a0, thriller post apocalyptiques des fr\u00e8res <em>Pastor<\/em>, est pass\u00e9 totalement inaper\u00e7u malgr\u00e9 des bandes-annonces plut\u00f4t all\u00e9chantes et un bon concept. Le film a d&rsquo;ailleurs eu du mal \u00e0 avoir une sortie en DVD. Peu \u00e9dit\u00e9, il reste difficilement trouvable. Mais doit-il rester dans l&rsquo;ombre, comme les producteurs et autres distributeurs ont l&rsquo;air de le penser ? Et bien la r\u00e9ponse est n\u00e9gative et sans que ce film soit extraordinaire non plus, il m\u00e9rite qu&rsquo;on s&rsquo;y attarde ne serait-ce que pour son concept, son intrigue qui se laisse suivre volontiers et surtout pour son ambition qui d\u00e9montre une volont\u00e9 de vouloir offrir du neuf et \u00e7a m\u00eame s&rsquo;il reste quelques petits progr\u00e8s \u00e0 faire pour que ce soit g\u00e9nial. \u00ab\u00a0<strong>Les derniers jours<\/strong>\u00a0\u00bb est donc le genre de film injustement m\u00e9connu et cach\u00e9, qu&rsquo;aujourd&rsquo;hui, je vais me faire un petit plaisir de mettre en lumi\u00e8re.<\/p>\n<p style=\"text-align: center;\"><a href=\"https:\/\/www.lavisqteam.fr\/wp-content\/uploads\/2016\/02\/12773183_1251548448191895_1929053788_o.jpg\" rel=\"attachment wp-att-19173\"><img loading=\"lazy\" class=\"alignnone  wp-image-19173\" src=\"https:\/\/www.lavisqteam.fr\/wp-content\/uploads\/2016\/02\/12773183_1251548448191895_1929053788_o.jpg\" alt=\"12773183_1251548448191895_1929053788_o\" width=\"600\" height=\"236\" srcset=\"https:\/\/www.lavisqteam.fr\/wp-content\/uploads\/2016\/02\/12773183_1251548448191895_1929053788_o.jpg 980w, https:\/\/www.lavisqteam.fr\/wp-content\/uploads\/2016\/02\/12773183_1251548448191895_1929053788_o-300x118.jpg 300w, https:\/\/www.lavisqteam.fr\/wp-content\/uploads\/2016\/02\/12773183_1251548448191895_1929053788_o-768x302.jpg 768w\" sizes=\"(max-width: 600px) 100vw, 600px\" \/><\/a><\/p>\n<p>Un mal \u00e9trange s&rsquo;est peu \u00e0 peu r\u00e9pandu sur la plan\u00e8te. Un mal que personne n&rsquo;explique et qui a fini par jeter le monde dans le chaos. Ce mal, c&rsquo;est la peur d&rsquo;\u00eatre \u00e0 l&rsquo;ext\u00e9rieur. Il frappe n&rsquo;importe quand, d&rsquo;un coup, homme, femme, enfant ou vieillard, qui se retrouve pris d&rsquo;effroi de sortir de l\u00e0 o\u00f9 il se trouve. Les populations se sont donc retrouv\u00e9es pi\u00e9g\u00e9es chez elles, mais aussi au bureau, dans les centres commerciaux, chez le m\u00e9decin ou encore \u00e0 l&rsquo;\u00e9cole et sont condamn\u00e9es \u00e0 vivre sur les lieux o\u00f9 ce mal les a touch\u00e9es. \u00c0 Barcelone, Marc est coinc\u00e9 depuis trois mois maintenant sur son lieu de travail, mais gr\u00e2ce aux efforts des gens de l&rsquo;immeuble, ils ont r\u00e9ussi a creus\u00e9 un trou qui rejoint le r\u00e9seau de m\u00e9tro de la ville. Marc n&rsquo;a qu&rsquo;une id\u00e9e en t\u00eate, traverser les couloirs de m\u00e9tro et les \u00e9gouts de la ville pour rejoindre sa femme, rest\u00e9e, il l&rsquo;esp\u00e8re, chez eux. Marc ne pouvant se diriger seul dans les soubassements de la ville, il va faire \u00e9quipe avec Enrique, un homme qui \u00e9tait venu pour d\u00e9grossir la soci\u00e9t\u00e9 dans laquelle travaillait Marc.<\/p>\n<p>\u00ab\u00a0<strong>Les derniers jours<\/strong>\u00a0\u00bb est un film tr\u00e8s appr\u00e9ciable sur bien des points, arrivant \u00e0 divertir avec un projet int\u00e9ressant, original, qui fait peau neuve, alors m\u00eame que le fil rouge en lui-m\u00eame n&rsquo;a rien de sp\u00e9cialement bien innovant, puisqu&rsquo;il s&rsquo;agit encore une fois d&rsquo;un personnage qui va se donner tous les moyens pour retrouver celle qu&rsquo;il aime. C&rsquo;est ce manque d&rsquo;originalit\u00e9 dans l&rsquo;intrigue et les deux\/trois \u00e9v\u00e8nements li\u00e9s \u00e0 cette derni\u00e8re qui feront retomber le film dans la bonne surprise, alors que si les deux avaient boss\u00e9 un peu plus l&rsquo;originalit\u00e9 du fil rouge, \u00ab\u00a0<strong>Les derniers jours<\/strong>\u00a0\u00bb avait de quoi \u00eatre grandiose. Apr\u00e8s, ce manque d&rsquo;originalit\u00e9 n&rsquo;est pas aga\u00e7ant, on appr\u00e9cie m\u00eame le d\u00e9roulement et le film nous r\u00e9serve de bonnes surprises sur le parcours de ces deux personnages. En fait, c&rsquo;est juste que le sujet est si original et l&rsquo;ambiance si travaill\u00e9e, qu&rsquo;on avait envie de plus. Car le sujet qu&rsquo;ils ont choisi, la peur de l&rsquo;ext\u00e9rieur, et le traitement qu&rsquo;ils lui donnent est vraiment bon \u00e0 suivre. Intriguant, ce sujet, cette peur, nous tient en haleine jusqu&rsquo;\u00e0 la fin et le film est loin d&rsquo;aller vers les facilit\u00e9s que beaucoup d&rsquo;autres m\u00e9trages auraient pu se permettre.<\/p>\n<p>Les deux r\u00e9alisateurs en profitent pour aborder les sujets qu&rsquo;on avait envie de trouver dans un film sur la fin du monde. Folie humaine, rivalit\u00e9s, gangs, survie, ins\u00e9curit\u00e9, troc, violence, mais aussi espoir, reconqu\u00eate, amour ou encore l&rsquo;envie de vivre simplement, malgr\u00e9 ces conditions exceptionnelles. Les deux r\u00e9alisateurs traitent \u00e0 part \u00e9gale les diff\u00e9rents sujets ainsi que leur sujet g\u00e9n\u00e9ral et ainsi, il dresse une vision de l&rsquo;apocalypse neuve qui pourrait offrir de belles possibilit\u00e9s pour l&rsquo;avenir.<\/p>\n<p>Les deux r\u00e9alisateurs offrent de bonnes id\u00e9es de mise en sc\u00e8ne. Ils tiennent leur film et offrent m\u00eame d&rsquo;excellentes sc\u00e8nes d&rsquo;effroi ou d&rsquo;apocalypse. L&rsquo;ambiance aurait m\u00e9rit\u00e9 d&rsquo;avoir un poil plus de caract\u00e8re, mais franchement, au vu des id\u00e9es, du projet et de l&rsquo;ambition, on a envie de pardonner \u00e7a, surtout que ce n&rsquo;est que leur deuxi\u00e8me film et qu&rsquo;ils ont r\u00e9ussi \u00e0 nous concocter un bon film. Belle mention en ce qui concerne les effets sp\u00e9ciaux qui ont de la tronche, alors qu&rsquo;ils sont loin d&rsquo;avoir un budget de blockbuster.<\/p>\n<p>\u00ab\u00a0<strong>Les derniers jours<\/strong>\u00a0\u00bb est aussi bien tenu par ses deux acteurs principaux, <em>Quim Guti\u00e9rrez<\/em> et <em>Jos\u00e9 Coronado<\/em>, qui s&rsquo;affrontent autant qu&rsquo;ils finissent par se compl\u00e9ter, et m\u00eame \u00eatre touchant par moment. Puis, j&rsquo;aimerais vous parler de la belle <em>Marta Etura<\/em> qui irradie de son sourire chaque film sur lequel elle participe. L&rsquo;actrice d\u00e9tient une belle pr\u00e9sence et d\u00e9montre si besoin est encore toute l&rsquo;entendue de son talent. C&rsquo;est vraiment dommage qu&rsquo;on ne la voit pas plus souvent dans d&rsquo;autres films.<\/p>\n<p style=\"text-align: center;\"><a href=\"https:\/\/www.lavisqteam.fr\/wp-content\/uploads\/2016\/02\/12782015_1251548598191880_817269521_n.jpg\" rel=\"attachment wp-att-19172\"><img loading=\"lazy\" class=\"alignnone  wp-image-19172\" src=\"https:\/\/www.lavisqteam.fr\/wp-content\/uploads\/2016\/02\/12782015_1251548598191880_817269521_n.jpg\" alt=\"12782015_1251548598191880_817269521_n\" width=\"600\" height=\"251\" srcset=\"https:\/\/www.lavisqteam.fr\/wp-content\/uploads\/2016\/02\/12782015_1251548598191880_817269521_n.jpg 850w, https:\/\/www.lavisqteam.fr\/wp-content\/uploads\/2016\/02\/12782015_1251548598191880_817269521_n-300x126.jpg 300w, https:\/\/www.lavisqteam.fr\/wp-content\/uploads\/2016\/02\/12782015_1251548598191880_817269521_n-768x322.jpg 768w\" sizes=\"(max-width: 600px) 100vw, 600px\" \/><\/a><\/p>\n<p>Malgr\u00e9 des faiblesses qui auraient pu \u00eatre \u00e9vit\u00e9es, ces \u00ab\u00a0<strong>Derniers jours<\/strong>\u00a0\u00bb reste tout de m\u00eame un bon film sur la fin du monde. Et c&rsquo;est surtout un bon film original qui prend le risque de l&rsquo;agoraphobie et rien que pour \u00e7a (entre autres), le film vaut le coup d&rsquo;\u0153il et m\u00e9rite de sortir de l&rsquo;ombre dans laquelle on l&rsquo;a jet\u00e9.<\/p>\n<p><strong>Note\u00a0: 15\/20<\/strong><\/p>\n<p style=\"text-align: center;\">[youtube]https:\/\/www.youtube.com\/watch?v=Nn1PKteGCv8[\/youtube]<\/p>\n<p style=\"text-align: right;\">Par <strong>Cin\u00e9ted<\/strong><\/p>\n","protected":false},"excerpt":{"rendered":"<p>Titre Original\u00a0: Los Ultimas Dias De\u00a0: Alex et David Pastor Avec Quim Gutierrez, Jos\u00e9 Coronado, Marta Etura, Leticia Dolera Ann\u00e9e\u00a0: 2013 Pays\u00a0: Espagne Genre\u00a0: Science-Fiction &hellip; <\/p>\n","protected":false},"author":1,"featured_media":0,"comment_status":"open","ping_status":"open","sticky":false,"template":"","format":"standard","meta":[],"categories":[1],"tags":[],"yoast_head":"<!-- This site is optimized with the Yoast SEO plugin v19.6.1 - https:\/\/yoast.com\/wordpress\/plugins\/seo\/ -->\n<title>Les Derniers Jours - Lavisqteam.fr<\/title>\n<meta name=\"robots\" content=\"index, follow, max-snippet:-1, max-image-preview:large, max-video-preview:-1\" \/>\n<link rel=\"canonical\" href=\"https:\/\/www.lavisqteam.fr\/?p=19170\" \/>\n<meta property=\"og:locale\" content=\"fr_FR\" \/>\n<meta property=\"og:type\" content=\"article\" \/>\n<meta property=\"og:title\" content=\"Les Derniers Jours - Lavisqteam.fr\" \/>\n<meta property=\"og:description\" content=\"Titre Original\u00a0: Los Ultimas Dias De\u00a0: Alex et David Pastor Avec Quim Gutierrez, Jos\u00e9 Coronado, Marta Etura, Leticia Dolera Ann\u00e9e\u00a0: 2013 Pays\u00a0: Espagne Genre\u00a0: Science-Fiction &hellip;\" \/>\n<meta property=\"og:url\" content=\"https:\/\/www.lavisqteam.fr\/?p=19170\" \/>\n<meta property=\"og:site_name\" content=\"Lavisqteam.fr\" \/>\n<meta property=\"article:published_time\" content=\"2016-02-27T17:20:51+00:00\" \/>\n<meta property=\"og:image\" content=\"http:\/\/www.lavisqteam.fr\/wp-content\/uploads\/2016\/02\/12784501_1251548381525235_1727889612_n.jpg\" \/>\n<meta name=\"author\" content=\"AqME\" \/>\n<meta name=\"twitter:card\" content=\"summary_large_image\" \/>\n<meta name=\"twitter:label1\" content=\"\u00c9crit par\" \/>\n\t<meta name=\"twitter:data1\" content=\"AqME\" \/>\n\t<meta name=\"twitter:label2\" content=\"Dur\u00e9e de lecture estim\u00e9e\" \/>\n\t<meta name=\"twitter:data2\" content=\"6 minutes\" \/>\n<script type=\"application\/ld+json\" class=\"yoast-schema-graph\">{\"@context\":\"https:\/\/schema.org\",\"@graph\":[{\"@type\":\"Article\",\"@id\":\"https:\/\/www.lavisqteam.fr\/?p=19170#article\",\"isPartOf\":{\"@id\":\"https:\/\/www.lavisqteam.fr\/?p=19170\"},\"author\":{\"name\":\"AqME\",\"@id\":\"https:\/\/www.lavisqteam.fr\/#\/schema\/person\/da11d7c30bf135b288b17cc576708c2d\"},\"headline\":\"Les Derniers Jours\",\"datePublished\":\"2016-02-27T17:20:51+00:00\",\"dateModified\":\"2016-02-27T17:20:51+00:00\",\"mainEntityOfPage\":{\"@id\":\"https:\/\/www.lavisqteam.fr\/?p=19170\"},\"wordCount\":1129,\"commentCount\":0,\"publisher\":{\"@id\":\"https:\/\/www.lavisqteam.fr\/#organization\"},\"articleSection\":[\"Uncategorized\"],\"inLanguage\":\"fr-FR\",\"potentialAction\":[{\"@type\":\"CommentAction\",\"name\":\"Comment\",\"target\":[\"https:\/\/www.lavisqteam.fr\/?p=19170#respond\"]}]},{\"@type\":\"WebPage\",\"@id\":\"https:\/\/www.lavisqteam.fr\/?p=19170\",\"url\":\"https:\/\/www.lavisqteam.fr\/?p=19170\",\"name\":\"Les Derniers Jours - Lavisqteam.fr\",\"isPartOf\":{\"@id\":\"https:\/\/www.lavisqteam.fr\/#website\"},\"datePublished\":\"2016-02-27T17:20:51+00:00\",\"dateModified\":\"2016-02-27T17:20:51+00:00\",\"breadcrumb\":{\"@id\":\"https:\/\/www.lavisqteam.fr\/?p=19170#breadcrumb\"},\"inLanguage\":\"fr-FR\",\"potentialAction\":[{\"@type\":\"ReadAction\",\"target\":[\"https:\/\/www.lavisqteam.fr\/?p=19170\"]}]},{\"@type\":\"BreadcrumbList\",\"@id\":\"https:\/\/www.lavisqteam.fr\/?p=19170#breadcrumb\",\"itemListElement\":[{\"@type\":\"ListItem\",\"position\":1,\"name\":\"Accueil\",\"item\":\"https:\/\/www.lavisqteam.fr\/\"},{\"@type\":\"ListItem\",\"position\":2,\"name\":\"Les Derniers Jours\"}]},{\"@type\":\"WebSite\",\"@id\":\"https:\/\/www.lavisqteam.fr\/#website\",\"url\":\"https:\/\/www.lavisqteam.fr\/\",\"name\":\"Lavisqteam.fr\",\"description\":\"\",\"publisher\":{\"@id\":\"https:\/\/www.lavisqteam.fr\/#organization\"},\"potentialAction\":[{\"@type\":\"SearchAction\",\"target\":{\"@type\":\"EntryPoint\",\"urlTemplate\":\"https:\/\/www.lavisqteam.fr\/?s={search_term_string}\"},\"query-input\":\"required name=search_term_string\"}],\"inLanguage\":\"fr-FR\"},{\"@type\":\"Organization\",\"@id\":\"https:\/\/www.lavisqteam.fr\/#organization\",\"name\":\"Lavisqteam.fr\",\"url\":\"https:\/\/www.lavisqteam.fr\/\",\"sameAs\":[],\"logo\":{\"@type\":\"ImageObject\",\"inLanguage\":\"fr-FR\",\"@id\":\"https:\/\/www.lavisqteam.fr\/#\/schema\/logo\/image\/\",\"url\":\"https:\/\/www.lavisqteam.fr\/wp-content\/uploads\/2020\/08\/cropped-80879545_3479261675449035_4078032831501041664_o-4.jpg\",\"contentUrl\":\"https:\/\/www.lavisqteam.fr\/wp-content\/uploads\/2020\/08\/cropped-80879545_3479261675449035_4078032831501041664_o-4.jpg\",\"width\":1674,\"height\":536,\"caption\":\"Lavisqteam.fr\"},\"image\":{\"@id\":\"https:\/\/www.lavisqteam.fr\/#\/schema\/logo\/image\/\"}},{\"@type\":\"Person\",\"@id\":\"https:\/\/www.lavisqteam.fr\/#\/schema\/person\/da11d7c30bf135b288b17cc576708c2d\",\"name\":\"AqME\",\"image\":{\"@type\":\"ImageObject\",\"inLanguage\":\"fr-FR\",\"@id\":\"https:\/\/www.lavisqteam.fr\/#\/schema\/person\/image\/\",\"url\":\"https:\/\/secure.gravatar.com\/avatar\/4a87d013fc854acd0f25858a13573675?s=96&d=mm&r=g\",\"contentUrl\":\"https:\/\/secure.gravatar.com\/avatar\/4a87d013fc854acd0f25858a13573675?s=96&d=mm&r=g\",\"caption\":\"AqME\"},\"description\":\"Amateur d'horreur, M\u00e9talleux dans l'\u00e2me, je succombe facilement \u00e0 des images de chatons.\",\"url\":\"https:\/\/www.lavisqteam.fr\/?author=1\"}]}<\/script>\n<!-- \/ Yoast SEO plugin. -->","yoast_head_json":{"title":"Les Derniers Jours - Lavisqteam.fr","robots":{"index":"index","follow":"follow","max-snippet":"max-snippet:-1","max-image-preview":"max-image-preview:large","max-video-preview":"max-video-preview:-1"},"canonical":"https:\/\/www.lavisqteam.fr\/?p=19170","og_locale":"fr_FR","og_type":"article","og_title":"Les Derniers Jours - Lavisqteam.fr","og_description":"Titre Original\u00a0: Los Ultimas Dias De\u00a0: Alex et David Pastor Avec Quim Gutierrez, Jos\u00e9 Coronado, Marta Etura, Leticia Dolera Ann\u00e9e\u00a0: 2013 Pays\u00a0: Espagne Genre\u00a0: Science-Fiction &hellip;","og_url":"https:\/\/www.lavisqteam.fr\/?p=19170","og_site_name":"Lavisqteam.fr","article_published_time":"2016-02-27T17:20:51+00:00","og_image":[{"url":"http:\/\/www.lavisqteam.fr\/wp-content\/uploads\/2016\/02\/12784501_1251548381525235_1727889612_n.jpg"}],"author":"AqME","twitter_card":"summary_large_image","twitter_misc":{"\u00c9crit par":"AqME","Dur\u00e9e de lecture estim\u00e9e":"6 minutes"},"schema":{"@context":"https:\/\/schema.org","@graph":[{"@type":"Article","@id":"https:\/\/www.lavisqteam.fr\/?p=19170#article","isPartOf":{"@id":"https:\/\/www.lavisqteam.fr\/?p=19170"},"author":{"name":"AqME","@id":"https:\/\/www.lavisqteam.fr\/#\/schema\/person\/da11d7c30bf135b288b17cc576708c2d"},"headline":"Les Derniers Jours","datePublished":"2016-02-27T17:20:51+00:00","dateModified":"2016-02-27T17:20:51+00:00","mainEntityOfPage":{"@id":"https:\/\/www.lavisqteam.fr\/?p=19170"},"wordCount":1129,"commentCount":0,"publisher":{"@id":"https:\/\/www.lavisqteam.fr\/#organization"},"articleSection":["Uncategorized"],"inLanguage":"fr-FR","potentialAction":[{"@type":"CommentAction","name":"Comment","target":["https:\/\/www.lavisqteam.fr\/?p=19170#respond"]}]},{"@type":"WebPage","@id":"https:\/\/www.lavisqteam.fr\/?p=19170","url":"https:\/\/www.lavisqteam.fr\/?p=19170","name":"Les Derniers Jours - Lavisqteam.fr","isPartOf":{"@id":"https:\/\/www.lavisqteam.fr\/#website"},"datePublished":"2016-02-27T17:20:51+00:00","dateModified":"2016-02-27T17:20:51+00:00","breadcrumb":{"@id":"https:\/\/www.lavisqteam.fr\/?p=19170#breadcrumb"},"inLanguage":"fr-FR","potentialAction":[{"@type":"ReadAction","target":["https:\/\/www.lavisqteam.fr\/?p=19170"]}]},{"@type":"BreadcrumbList","@id":"https:\/\/www.lavisqteam.fr\/?p=19170#breadcrumb","itemListElement":[{"@type":"ListItem","position":1,"name":"Accueil","item":"https:\/\/www.lavisqteam.fr\/"},{"@type":"ListItem","position":2,"name":"Les Derniers Jours"}]},{"@type":"WebSite","@id":"https:\/\/www.lavisqteam.fr\/#website","url":"https:\/\/www.lavisqteam.fr\/","name":"Lavisqteam.fr","description":"","publisher":{"@id":"https:\/\/www.lavisqteam.fr\/#organization"},"potentialAction":[{"@type":"SearchAction","target":{"@type":"EntryPoint","urlTemplate":"https:\/\/www.lavisqteam.fr\/?s={search_term_string}"},"query-input":"required name=search_term_string"}],"inLanguage":"fr-FR"},{"@type":"Organization","@id":"https:\/\/www.lavisqteam.fr\/#organization","name":"Lavisqteam.fr","url":"https:\/\/www.lavisqteam.fr\/","sameAs":[],"logo":{"@type":"ImageObject","inLanguage":"fr-FR","@id":"https:\/\/www.lavisqteam.fr\/#\/schema\/logo\/image\/","url":"https:\/\/www.lavisqteam.fr\/wp-content\/uploads\/2020\/08\/cropped-80879545_3479261675449035_4078032831501041664_o-4.jpg","contentUrl":"https:\/\/www.lavisqteam.fr\/wp-content\/uploads\/2020\/08\/cropped-80879545_3479261675449035_4078032831501041664_o-4.jpg","width":1674,"height":536,"caption":"Lavisqteam.fr"},"image":{"@id":"https:\/\/www.lavisqteam.fr\/#\/schema\/logo\/image\/"}},{"@type":"Person","@id":"https:\/\/www.lavisqteam.fr\/#\/schema\/person\/da11d7c30bf135b288b17cc576708c2d","name":"AqME","image":{"@type":"ImageObject","inLanguage":"fr-FR","@id":"https:\/\/www.lavisqteam.fr\/#\/schema\/person\/image\/","url":"https:\/\/secure.gravatar.com\/avatar\/4a87d013fc854acd0f25858a13573675?s=96&d=mm&r=g","contentUrl":"https:\/\/secure.gravatar.com\/avatar\/4a87d013fc854acd0f25858a13573675?s=96&d=mm&r=g","caption":"AqME"},"description":"Amateur d'horreur, M\u00e9talleux dans l'\u00e2me, je succombe facilement \u00e0 des images de chatons.","url":"https:\/\/www.lavisqteam.fr\/?author=1"}]}},"jetpack_featured_media_url":"","_links":{"self":[{"href":"https:\/\/www.lavisqteam.fr\/index.php?rest_route=\/wp\/v2\/posts\/19170"}],"collection":[{"href":"https:\/\/www.lavisqteam.fr\/index.php?rest_route=\/wp\/v2\/posts"}],"about":[{"href":"https:\/\/www.lavisqteam.fr\/index.php?rest_route=\/wp\/v2\/types\/post"}],"author":[{"embeddable":true,"href":"https:\/\/www.lavisqteam.fr\/index.php?rest_route=\/wp\/v2\/users\/1"}],"replies":[{"embeddable":true,"href":"https:\/\/www.lavisqteam.fr\/index.php?rest_route=%2Fwp%2Fv2%2Fcomments&post=19170"}],"version-history":[{"count":1,"href":"https:\/\/www.lavisqteam.fr\/index.php?rest_route=\/wp\/v2\/posts\/19170\/revisions"}],"predecessor-version":[{"id":19174,"href":"https:\/\/www.lavisqteam.fr\/index.php?rest_route=\/wp\/v2\/posts\/19170\/revisions\/19174"}],"wp:attachment":[{"href":"https:\/\/www.lavisqteam.fr\/index.php?rest_route=%2Fwp%2Fv2%2Fmedia&parent=19170"}],"wp:term":[{"taxonomy":"category","embeddable":true,"href":"https:\/\/www.lavisqteam.fr\/index.php?rest_route=%2Fwp%2Fv2%2Fcategories&post=19170"},{"taxonomy":"post_tag","embeddable":true,"href":"https:\/\/www.lavisqteam.fr\/index.php?rest_route=%2Fwp%2Fv2%2Ftags&post=19170"}],"curies":[{"name":"wp","href":"https:\/\/api.w.org\/{rel}","templated":true}]}}