{"id":19083,"date":"2016-02-21T19:53:25","date_gmt":"2016-02-21T19:53:25","guid":{"rendered":"http:\/\/www.lavisqteam.fr\/?p=19083"},"modified":"2016-02-21T19:53:25","modified_gmt":"2016-02-21T19:53:25","slug":"the-anomaly-faille-temporelle","status":"publish","type":"post","link":"https:\/\/www.lavisqteam.fr\/?p=19083","title":{"rendered":"The Anomaly &#8211; Faille Temporelle"},"content":{"rendered":"<p style=\"text-align: center;\"><a href=\"https:\/\/www.lavisqteam.fr\/wp-content\/uploads\/2016\/02\/p191aua8j3adec4h1acff8q131129.jpg\" rel=\"attachment wp-att-19084\"><img loading=\"lazy\" class=\"alignnone size-full wp-image-19084\" src=\"https:\/\/www.lavisqteam.fr\/wp-content\/uploads\/2016\/02\/p191aua8j3adec4h1acff8q131129.jpg\" alt=\"1087643_DSA_1-1.pdf\" width=\"537\" height=\"768\" srcset=\"https:\/\/www.lavisqteam.fr\/wp-content\/uploads\/2016\/02\/p191aua8j3adec4h1acff8q131129.jpg 537w, https:\/\/www.lavisqteam.fr\/wp-content\/uploads\/2016\/02\/p191aua8j3adec4h1acff8q131129-210x300.jpg 210w\" sizes=\"(max-width: 537px) 100vw, 537px\" \/><\/a><\/p>\n<p><strong>De\u00a0: <\/strong>Noel Clarke<\/p>\n<p><strong>Avec <\/strong>Noel Clarke, Ian Somerhalder, Alexis Knapp, Luke Hemsworth<\/p>\n<p><strong>Ann\u00e9e: <\/strong>2014<\/p>\n<p><strong>Pays: <\/strong>Angleterre<\/p>\n<p><strong>Genre: <\/strong>Science-Fiction<\/p>\n<p><strong>R\u00e9sum\u00e9\u00a0:<\/strong><\/p>\n<p>Un ex-soldat traumatis\u00e9 par la guerre se r\u00e9veil \u00e0 l&rsquo;arri\u00e8re d&rsquo;un van \u00e0 c\u00f4t\u00e9 d&rsquo;un jeune gar\u00e7on qui a \u00e9t\u00e9 kidnapp\u00e9. Il a 9 minutes et 37 secondes pour comprendre ce qui s&rsquo;est pass\u00e9&#8230;<\/p>\n<p><strong>Avis\u00a0:<\/strong><\/p>\n<p>Avant de conna\u00eetre un essor incroyable, le film de science-fiction \u00e9tait cantonn\u00e9 au space op\u00e9ra \u00e0 la d\u00e9coration kitsch avec des plan\u00e8tes inconnues et des montres en mousse. La science-fiction plus hardcore, lorgnant du c\u00f4t\u00e9 de l\u2019anticipation est plus ou moins r\u00e9cente mais commence \u00e0 gagner du terrain, notamment dans les films au budget plus faiblard. Outre les films sortant au cin\u00e9ma comme <strong>Source Code<\/strong> ou encore <strong>Edge of Tomorrow<\/strong>, l\u2019industrie cin\u00e9matographique produit son lot de direct to video o\u00f9 l\u2019anticipation est un moyen low cost de parler science-fiction. C\u2019est le cas avec <strong>The Anomaly<\/strong>, un film britannique avec l\u2019acteur, qui porte ici la casquette de r\u00e9alisateur, <em>Noel Clarke<\/em> et le beau gosse <em>Ian Somerhalder <\/em>(<strong>Vampire Diaries<\/strong>). Mais ce film va-t-il nous r\u00e9concilier avec la SF d\u2019anticipation sans vaisseaux spatiaux et autres montres tentaculaires venus d\u2019une autre galaxie\u00a0? Pas du tout, car m\u00eame si l\u2019id\u00e9e est bonne, le sc\u00e9nario demeure beaucoup trop alambiqu\u00e9 pour pleinement convaincre et la r\u00e9alisation n\u2019est pas de bonne facture.<\/p>\n<p style=\"text-align: center;\"><a href=\"https:\/\/www.lavisqteam.fr\/wp-content\/uploads\/2016\/02\/noe.jpg\" rel=\"attachment wp-att-19086\"><img loading=\"lazy\" class=\"alignnone  wp-image-19086\" src=\"https:\/\/www.lavisqteam.fr\/wp-content\/uploads\/2016\/02\/noe.jpg\" alt=\"noe\" width=\"601\" height=\"338\" srcset=\"https:\/\/www.lavisqteam.fr\/wp-content\/uploads\/2016\/02\/noe.jpg 670w, https:\/\/www.lavisqteam.fr\/wp-content\/uploads\/2016\/02\/noe-300x169.jpg 300w\" sizes=\"(max-width: 601px) 100vw, 601px\" \/><\/a><\/p>\n<p>Il faut dire que <strong>The Anomaly<\/strong> n\u2019est que le deuxi\u00e8me film que l\u2019acteur r\u00e9alise seul apr\u00e8s <strong>Adulthood<\/strong>. Et cette candeur se sent dans tous les plans du m\u00e9trage qui se cherche constamment, ne sachant pas vraiment quel plan conviendrait le mieux pour telle ou telle situation. C\u2019est d\u2019autant plus visible que l\u2019acteur tient la double casquette r\u00e9alisateur\/acteur principal et parfois, il a du mal \u00e0 se placer par rapport \u00e0 la cam\u00e9ra. Plut\u00f4t bon acteur, il n\u2019arrive pas \u00e0 g\u00e9n\u00e9rer une quelconque \u00e9motion et cela est tr\u00e8s g\u00eanant. Mais l\u00e0 o\u00f9 l\u2019on voit les t\u00e2tonnements du cin\u00e9aste, c\u2019est clairement dans les sc\u00e8nes de baston. <strong>The Anomaly<\/strong> se veut un film de SF avec des combats au corps \u00e0 corps et peu de gunfights. Cependant chaque sc\u00e8ne de combat se ressemble en tout point et le r\u00e9alisateur use et abuse de ralenti \u00e0 chaque frappe. Si l\u2019action est bien plus lisible et que l\u2019on peut deviner des chor\u00e9graphies travaill\u00e9es, les coups sont moins puissants et surtout, on voit tout le jeu des acteurs. Du coup, cela devient plus risible qu\u2019autre chose et la port\u00e9e de l\u2019action est amoindrie.<\/p>\n<p>La force du r\u00e9cit est amoindrie aussi par un sc\u00e9nario complexe pour un sujet de fond trop souvent exploit\u00e9 dans ce domaine. En fait, le film veut raconter les d\u00e9rives d\u2019un syst\u00e8me futuriste contr\u00f4lant un h\u00f4te et imposant ainsi une conscience \u00e0 quelqu\u2019un d\u2019innocent. Mais au-del\u00e0 de \u00e7a, le film va raconter comment un laboratoire priv\u00e9 veut gagner plus d\u2019argent avec un virus mortel. Si dans le fond cela peut para\u00eetre sympathique, c\u2019est un peu trop vu et d\u00e9j\u00e0-vu. D\u2019autant plus que le film ne s\u2019\u00e9loigne jamais de ce propos et accumule les clich\u00e9s propre au genre, \u00e0 savoir des voyages temporels inexpliqu\u00e9s, une enqu\u00eate qui cache un gros coup et surtout une amourette \u00e0 deux balles qui ne sert finalement \u00e0 rien part mettre une bombe atomique \u00e0 poil (<em>Alexis Knapp<\/em>). <strong>The Anomaly<\/strong> ne sera donc qu\u2019un pr\u00e9texte pour raconter une histoire banale en nous infligeant un montage cut et des passages o\u00f9 l\u2019on ne comprend plus rien.<\/p>\n<p>Et c\u2019est bien l\u00e0 le principal probl\u00e8me du m\u00e9trage. A vouloir taper dans l\u2019\u0153il du spectateur, <em>Noel Clarke<\/em> nous inflige une flop\u00e9e de voyages temporels, faisant avancer son r\u00e9cit vers un futur incertain mais dans une incoh\u00e9rence affolante. En fait, le h\u00e9ros fait des sauts dans le temps toutes les 9 minutes et 37 secondes. Mais ce que l\u2019on ne sait pas, c\u2019est qu\u2019il prend un h\u00f4te diff\u00e9rent \u00e0 chaque fois et qu\u2019il se retrouve dans des situations incompr\u00e9hensibles. C\u2019est bien simple, au bout d\u2019un moment, on ne comprend plus rien et m\u00eame le film se perd dans son fil rouge, \u00e0 savoir sauver la vie d\u2019un jeune gar\u00e7on qui a \u00e9t\u00e9 kidnapp\u00e9. Les ruptures temporelles sont trop nombreuses et surtout mal amen\u00e9es, perdant le spectateur, autant que son personnage central. Cela aurait pu \u00eatre int\u00e9ressant, mais comme le film ne rend pas \u00e7a passionnant, le spectateur se d\u00e9sint\u00e9resse rapidement de ce film. Et cerise sur le g\u00e2teau, les acteurs sont particuli\u00e8rement mal dirig\u00e9s. Si <em>Noel Clarke<\/em> a du mal \u00e0 donner de l\u2019envergure son personnage, c\u2019est pire pour <em>Ian Somerhalder<\/em>. Le grand brun t\u00e9n\u00e9breux aux yeux bleu lagon qui fait tomber toutes les filles est pitoyable dans ce m\u00e9trage, \u00e0 un tel point qu\u2019il en devient risible. Haussement de sourcils, semblant d\u2019\u00e9nervement, l\u2019acteur ne sait pas du tout comment jouer son personnage et comme c\u2019est le bad guy, il n\u2019est pas cr\u00e9dible et tout le film en prend un coup.<\/p>\n<p style=\"text-align: center;\"><a href=\"https:\/\/www.lavisqteam.fr\/wp-content\/uploads\/2016\/02\/The-Anomaly-2014-BRrip-XviD-AC3-MiLLENiUM.avi_snapshot_00.13.51_2014.11.28_10.35.44.jpg\" rel=\"attachment wp-att-19085\"><img loading=\"lazy\" class=\"alignnone  wp-image-19085\" src=\"https:\/\/www.lavisqteam.fr\/wp-content\/uploads\/2016\/02\/The-Anomaly-2014-BRrip-XviD-AC3-MiLLENiUM.avi_snapshot_00.13.51_2014.11.28_10.35.44.jpg\" alt=\"The Anomaly 2014 BRrip XviD AC3 MiLLENiUM.avi_snapshot_00.13.51_[2014.11.28_10.35.44]\" width=\"601\" height=\"254\" srcset=\"https:\/\/www.lavisqteam.fr\/wp-content\/uploads\/2016\/02\/The-Anomaly-2014-BRrip-XviD-AC3-MiLLENiUM.avi_snapshot_00.13.51_2014.11.28_10.35.44.jpg 720w, https:\/\/www.lavisqteam.fr\/wp-content\/uploads\/2016\/02\/The-Anomaly-2014-BRrip-XviD-AC3-MiLLENiUM.avi_snapshot_00.13.51_2014.11.28_10.35.44-300x127.jpg 300w\" sizes=\"(max-width: 601px) 100vw, 601px\" \/><\/a><\/p>\n<p>Au final, <strong>The Anomaly<\/strong> reste un film de SF ambitieux mais qui ne se donne pas les moyens d\u2019accrocher son spectateur. Trop complexe pour un r\u00e9sultat final banal, le film ne trouve pas d\u2019identit\u00e9 et n\u2019arrive pas \u00e0 se d\u00e9faire de ses sauts temporels qui perdent aussi bien son acteur principal que le spectateur. Un film mal g\u00e9r\u00e9, mal dirig\u00e9 et qui n\u2019arrive pas \u00e0 faire simple alors que dans un cas comme celui-ci, la simplicit\u00e9 aurait \u00e9t\u00e9 de mise. Bref, une d\u00e9ception pour un film qui ne convaincra personne et c\u2019est bien dommage.<\/p>\n<p><strong>Note\u00a0: 04\/20<\/strong><\/p>\n<p style=\"text-align: center;\">[youtube]https:\/\/www.youtube.com\/watch?v=fNLlprbEQ_s[\/youtube]<\/p>\n<p style=\"text-align: right;\">Par <strong>AqME<\/strong><\/p>\n","protected":false},"excerpt":{"rendered":"<p>De\u00a0: Noel Clarke Avec Noel Clarke, Ian Somerhalder, Alexis Knapp, Luke Hemsworth Ann\u00e9e: 2014 Pays: Angleterre Genre: Science-Fiction R\u00e9sum\u00e9\u00a0: Un ex-soldat traumatis\u00e9 par la guerre &hellip; <\/p>\n","protected":false},"author":1,"featured_media":0,"comment_status":"open","ping_status":"open","sticky":false,"template":"","format":"standard","meta":[],"categories":[1],"tags":[],"yoast_head":"<!-- This site is optimized with the Yoast SEO plugin v19.6.1 - https:\/\/yoast.com\/wordpress\/plugins\/seo\/ -->\n<title>The Anomaly - Faille Temporelle - Lavisqteam.fr<\/title>\n<meta name=\"robots\" content=\"index, follow, max-snippet:-1, max-image-preview:large, max-video-preview:-1\" \/>\n<link rel=\"canonical\" href=\"https:\/\/www.lavisqteam.fr\/?p=19083\" \/>\n<meta property=\"og:locale\" content=\"fr_FR\" \/>\n<meta property=\"og:type\" content=\"article\" \/>\n<meta property=\"og:title\" content=\"The Anomaly - Faille Temporelle - Lavisqteam.fr\" \/>\n<meta property=\"og:description\" content=\"De\u00a0: Noel Clarke Avec Noel Clarke, Ian Somerhalder, Alexis Knapp, Luke Hemsworth Ann\u00e9e: 2014 Pays: Angleterre Genre: Science-Fiction R\u00e9sum\u00e9\u00a0: Un ex-soldat traumatis\u00e9 par la guerre &hellip;\" \/>\n<meta property=\"og:url\" content=\"https:\/\/www.lavisqteam.fr\/?p=19083\" \/>\n<meta property=\"og:site_name\" content=\"Lavisqteam.fr\" \/>\n<meta property=\"article:published_time\" content=\"2016-02-21T19:53:25+00:00\" \/>\n<meta property=\"og:image\" content=\"http:\/\/www.lavisqteam.fr\/wp-content\/uploads\/2016\/02\/p191aua8j3adec4h1acff8q131129.jpg\" \/>\n<meta name=\"author\" content=\"AqME\" \/>\n<meta name=\"twitter:card\" content=\"summary_large_image\" \/>\n<meta name=\"twitter:label1\" content=\"\u00c9crit par\" \/>\n\t<meta name=\"twitter:data1\" content=\"AqME\" \/>\n\t<meta name=\"twitter:label2\" content=\"Dur\u00e9e de lecture estim\u00e9e\" \/>\n\t<meta name=\"twitter:data2\" content=\"5 minutes\" \/>\n<script type=\"application\/ld+json\" class=\"yoast-schema-graph\">{\"@context\":\"https:\/\/schema.org\",\"@graph\":[{\"@type\":\"Article\",\"@id\":\"https:\/\/www.lavisqteam.fr\/?p=19083#article\",\"isPartOf\":{\"@id\":\"https:\/\/www.lavisqteam.fr\/?p=19083\"},\"author\":{\"name\":\"AqME\",\"@id\":\"https:\/\/www.lavisqteam.fr\/#\/schema\/person\/da11d7c30bf135b288b17cc576708c2d\"},\"headline\":\"The Anomaly &#8211; Faille Temporelle\",\"datePublished\":\"2016-02-21T19:53:25+00:00\",\"dateModified\":\"2016-02-21T19:53:25+00:00\",\"mainEntityOfPage\":{\"@id\":\"https:\/\/www.lavisqteam.fr\/?p=19083\"},\"wordCount\":1022,\"commentCount\":0,\"publisher\":{\"@id\":\"https:\/\/www.lavisqteam.fr\/#organization\"},\"articleSection\":[\"Uncategorized\"],\"inLanguage\":\"fr-FR\",\"potentialAction\":[{\"@type\":\"CommentAction\",\"name\":\"Comment\",\"target\":[\"https:\/\/www.lavisqteam.fr\/?p=19083#respond\"]}]},{\"@type\":\"WebPage\",\"@id\":\"https:\/\/www.lavisqteam.fr\/?p=19083\",\"url\":\"https:\/\/www.lavisqteam.fr\/?p=19083\",\"name\":\"The Anomaly - Faille Temporelle - Lavisqteam.fr\",\"isPartOf\":{\"@id\":\"https:\/\/www.lavisqteam.fr\/#website\"},\"datePublished\":\"2016-02-21T19:53:25+00:00\",\"dateModified\":\"2016-02-21T19:53:25+00:00\",\"breadcrumb\":{\"@id\":\"https:\/\/www.lavisqteam.fr\/?p=19083#breadcrumb\"},\"inLanguage\":\"fr-FR\",\"potentialAction\":[{\"@type\":\"ReadAction\",\"target\":[\"https:\/\/www.lavisqteam.fr\/?p=19083\"]}]},{\"@type\":\"BreadcrumbList\",\"@id\":\"https:\/\/www.lavisqteam.fr\/?p=19083#breadcrumb\",\"itemListElement\":[{\"@type\":\"ListItem\",\"position\":1,\"name\":\"Accueil\",\"item\":\"https:\/\/www.lavisqteam.fr\/\"},{\"@type\":\"ListItem\",\"position\":2,\"name\":\"The Anomaly &#8211; Faille Temporelle\"}]},{\"@type\":\"WebSite\",\"@id\":\"https:\/\/www.lavisqteam.fr\/#website\",\"url\":\"https:\/\/www.lavisqteam.fr\/\",\"name\":\"Lavisqteam.fr\",\"description\":\"\",\"publisher\":{\"@id\":\"https:\/\/www.lavisqteam.fr\/#organization\"},\"potentialAction\":[{\"@type\":\"SearchAction\",\"target\":{\"@type\":\"EntryPoint\",\"urlTemplate\":\"https:\/\/www.lavisqteam.fr\/?s={search_term_string}\"},\"query-input\":\"required name=search_term_string\"}],\"inLanguage\":\"fr-FR\"},{\"@type\":\"Organization\",\"@id\":\"https:\/\/www.lavisqteam.fr\/#organization\",\"name\":\"Lavisqteam.fr\",\"url\":\"https:\/\/www.lavisqteam.fr\/\",\"sameAs\":[],\"logo\":{\"@type\":\"ImageObject\",\"inLanguage\":\"fr-FR\",\"@id\":\"https:\/\/www.lavisqteam.fr\/#\/schema\/logo\/image\/\",\"url\":\"https:\/\/www.lavisqteam.fr\/wp-content\/uploads\/2020\/08\/cropped-80879545_3479261675449035_4078032831501041664_o-4.jpg\",\"contentUrl\":\"https:\/\/www.lavisqteam.fr\/wp-content\/uploads\/2020\/08\/cropped-80879545_3479261675449035_4078032831501041664_o-4.jpg\",\"width\":1674,\"height\":536,\"caption\":\"Lavisqteam.fr\"},\"image\":{\"@id\":\"https:\/\/www.lavisqteam.fr\/#\/schema\/logo\/image\/\"}},{\"@type\":\"Person\",\"@id\":\"https:\/\/www.lavisqteam.fr\/#\/schema\/person\/da11d7c30bf135b288b17cc576708c2d\",\"name\":\"AqME\",\"image\":{\"@type\":\"ImageObject\",\"inLanguage\":\"fr-FR\",\"@id\":\"https:\/\/www.lavisqteam.fr\/#\/schema\/person\/image\/\",\"url\":\"https:\/\/secure.gravatar.com\/avatar\/4a87d013fc854acd0f25858a13573675?s=96&d=mm&r=g\",\"contentUrl\":\"https:\/\/secure.gravatar.com\/avatar\/4a87d013fc854acd0f25858a13573675?s=96&d=mm&r=g\",\"caption\":\"AqME\"},\"description\":\"Amateur d'horreur, M\u00e9talleux dans l'\u00e2me, je succombe facilement \u00e0 des images de chatons.\",\"url\":\"https:\/\/www.lavisqteam.fr\/?author=1\"}]}<\/script>\n<!-- \/ Yoast SEO plugin. -->","yoast_head_json":{"title":"The Anomaly - Faille Temporelle - Lavisqteam.fr","robots":{"index":"index","follow":"follow","max-snippet":"max-snippet:-1","max-image-preview":"max-image-preview:large","max-video-preview":"max-video-preview:-1"},"canonical":"https:\/\/www.lavisqteam.fr\/?p=19083","og_locale":"fr_FR","og_type":"article","og_title":"The Anomaly - Faille Temporelle - Lavisqteam.fr","og_description":"De\u00a0: Noel Clarke Avec Noel Clarke, Ian Somerhalder, Alexis Knapp, Luke Hemsworth Ann\u00e9e: 2014 Pays: Angleterre Genre: Science-Fiction R\u00e9sum\u00e9\u00a0: Un ex-soldat traumatis\u00e9 par la guerre &hellip;","og_url":"https:\/\/www.lavisqteam.fr\/?p=19083","og_site_name":"Lavisqteam.fr","article_published_time":"2016-02-21T19:53:25+00:00","og_image":[{"url":"http:\/\/www.lavisqteam.fr\/wp-content\/uploads\/2016\/02\/p191aua8j3adec4h1acff8q131129.jpg"}],"author":"AqME","twitter_card":"summary_large_image","twitter_misc":{"\u00c9crit par":"AqME","Dur\u00e9e de lecture estim\u00e9e":"5 minutes"},"schema":{"@context":"https:\/\/schema.org","@graph":[{"@type":"Article","@id":"https:\/\/www.lavisqteam.fr\/?p=19083#article","isPartOf":{"@id":"https:\/\/www.lavisqteam.fr\/?p=19083"},"author":{"name":"AqME","@id":"https:\/\/www.lavisqteam.fr\/#\/schema\/person\/da11d7c30bf135b288b17cc576708c2d"},"headline":"The Anomaly &#8211; Faille Temporelle","datePublished":"2016-02-21T19:53:25+00:00","dateModified":"2016-02-21T19:53:25+00:00","mainEntityOfPage":{"@id":"https:\/\/www.lavisqteam.fr\/?p=19083"},"wordCount":1022,"commentCount":0,"publisher":{"@id":"https:\/\/www.lavisqteam.fr\/#organization"},"articleSection":["Uncategorized"],"inLanguage":"fr-FR","potentialAction":[{"@type":"CommentAction","name":"Comment","target":["https:\/\/www.lavisqteam.fr\/?p=19083#respond"]}]},{"@type":"WebPage","@id":"https:\/\/www.lavisqteam.fr\/?p=19083","url":"https:\/\/www.lavisqteam.fr\/?p=19083","name":"The Anomaly - Faille Temporelle - Lavisqteam.fr","isPartOf":{"@id":"https:\/\/www.lavisqteam.fr\/#website"},"datePublished":"2016-02-21T19:53:25+00:00","dateModified":"2016-02-21T19:53:25+00:00","breadcrumb":{"@id":"https:\/\/www.lavisqteam.fr\/?p=19083#breadcrumb"},"inLanguage":"fr-FR","potentialAction":[{"@type":"ReadAction","target":["https:\/\/www.lavisqteam.fr\/?p=19083"]}]},{"@type":"BreadcrumbList","@id":"https:\/\/www.lavisqteam.fr\/?p=19083#breadcrumb","itemListElement":[{"@type":"ListItem","position":1,"name":"Accueil","item":"https:\/\/www.lavisqteam.fr\/"},{"@type":"ListItem","position":2,"name":"The Anomaly &#8211; Faille Temporelle"}]},{"@type":"WebSite","@id":"https:\/\/www.lavisqteam.fr\/#website","url":"https:\/\/www.lavisqteam.fr\/","name":"Lavisqteam.fr","description":"","publisher":{"@id":"https:\/\/www.lavisqteam.fr\/#organization"},"potentialAction":[{"@type":"SearchAction","target":{"@type":"EntryPoint","urlTemplate":"https:\/\/www.lavisqteam.fr\/?s={search_term_string}"},"query-input":"required name=search_term_string"}],"inLanguage":"fr-FR"},{"@type":"Organization","@id":"https:\/\/www.lavisqteam.fr\/#organization","name":"Lavisqteam.fr","url":"https:\/\/www.lavisqteam.fr\/","sameAs":[],"logo":{"@type":"ImageObject","inLanguage":"fr-FR","@id":"https:\/\/www.lavisqteam.fr\/#\/schema\/logo\/image\/","url":"https:\/\/www.lavisqteam.fr\/wp-content\/uploads\/2020\/08\/cropped-80879545_3479261675449035_4078032831501041664_o-4.jpg","contentUrl":"https:\/\/www.lavisqteam.fr\/wp-content\/uploads\/2020\/08\/cropped-80879545_3479261675449035_4078032831501041664_o-4.jpg","width":1674,"height":536,"caption":"Lavisqteam.fr"},"image":{"@id":"https:\/\/www.lavisqteam.fr\/#\/schema\/logo\/image\/"}},{"@type":"Person","@id":"https:\/\/www.lavisqteam.fr\/#\/schema\/person\/da11d7c30bf135b288b17cc576708c2d","name":"AqME","image":{"@type":"ImageObject","inLanguage":"fr-FR","@id":"https:\/\/www.lavisqteam.fr\/#\/schema\/person\/image\/","url":"https:\/\/secure.gravatar.com\/avatar\/4a87d013fc854acd0f25858a13573675?s=96&d=mm&r=g","contentUrl":"https:\/\/secure.gravatar.com\/avatar\/4a87d013fc854acd0f25858a13573675?s=96&d=mm&r=g","caption":"AqME"},"description":"Amateur d'horreur, M\u00e9talleux dans l'\u00e2me, je succombe facilement \u00e0 des images de chatons.","url":"https:\/\/www.lavisqteam.fr\/?author=1"}]}},"jetpack_featured_media_url":"","_links":{"self":[{"href":"https:\/\/www.lavisqteam.fr\/index.php?rest_route=\/wp\/v2\/posts\/19083"}],"collection":[{"href":"https:\/\/www.lavisqteam.fr\/index.php?rest_route=\/wp\/v2\/posts"}],"about":[{"href":"https:\/\/www.lavisqteam.fr\/index.php?rest_route=\/wp\/v2\/types\/post"}],"author":[{"embeddable":true,"href":"https:\/\/www.lavisqteam.fr\/index.php?rest_route=\/wp\/v2\/users\/1"}],"replies":[{"embeddable":true,"href":"https:\/\/www.lavisqteam.fr\/index.php?rest_route=%2Fwp%2Fv2%2Fcomments&post=19083"}],"version-history":[{"count":1,"href":"https:\/\/www.lavisqteam.fr\/index.php?rest_route=\/wp\/v2\/posts\/19083\/revisions"}],"predecessor-version":[{"id":19087,"href":"https:\/\/www.lavisqteam.fr\/index.php?rest_route=\/wp\/v2\/posts\/19083\/revisions\/19087"}],"wp:attachment":[{"href":"https:\/\/www.lavisqteam.fr\/index.php?rest_route=%2Fwp%2Fv2%2Fmedia&parent=19083"}],"wp:term":[{"taxonomy":"category","embeddable":true,"href":"https:\/\/www.lavisqteam.fr\/index.php?rest_route=%2Fwp%2Fv2%2Fcategories&post=19083"},{"taxonomy":"post_tag","embeddable":true,"href":"https:\/\/www.lavisqteam.fr\/index.php?rest_route=%2Fwp%2Fv2%2Ftags&post=19083"}],"curies":[{"name":"wp","href":"https:\/\/api.w.org\/{rel}","templated":true}]}}