{"id":18569,"date":"2016-01-23T11:16:37","date_gmt":"2016-01-23T11:16:37","guid":{"rendered":"http:\/\/www.lavisqteam.fr\/?p=18569"},"modified":"2016-01-23T11:16:37","modified_gmt":"2016-01-23T11:16:37","slug":"la-fille-du-rer","status":"publish","type":"post","link":"https:\/\/www.lavisqteam.fr\/?p=18569","title":{"rendered":"La Fille du RER"},"content":{"rendered":"<p style=\"text-align: center;\"><a href=\"https:\/\/www.lavisqteam.fr\/wp-content\/uploads\/2016\/01\/12460099_1220927344587339_622781753_n.jpg\" rel=\"attachment wp-att-18570\"><img loading=\"lazy\" class=\"alignnone size-full wp-image-18570\" src=\"https:\/\/www.lavisqteam.fr\/wp-content\/uploads\/2016\/01\/12460099_1220927344587339_622781753_n.jpg\" alt=\"12460099_1220927344587339_622781753_n\" width=\"600\" height=\"800\" srcset=\"https:\/\/www.lavisqteam.fr\/wp-content\/uploads\/2016\/01\/12460099_1220927344587339_622781753_n.jpg 600w, https:\/\/www.lavisqteam.fr\/wp-content\/uploads\/2016\/01\/12460099_1220927344587339_622781753_n-225x300.jpg 225w\" sizes=\"(max-width: 600px) 100vw, 600px\" \/><\/a><\/p>\n<p><strong>De\u00a0: <\/strong>Andr\u00e9 T\u00e9chin\u00e9<\/p>\n<p><strong>Avec <\/strong>Emilie Dequenne, Michel Blanc, Catherine Deneuve, Nicolas Duvauchelle<\/p>\n<p><strong>Ann\u00e9e\u00a0: <\/strong>2009<\/p>\n<p><strong>Pays\u00a0: <\/strong>France<\/p>\n<p><strong>Genre\u00a0: <\/strong>Drame<\/p>\n<p><strong>R\u00e9sum\u00e9\u00a0:<\/strong><\/p>\n<p>Jeanne vit dans un pavillon de banlieue avec sa m\u00e8re Louise. Les deux femmes s&rsquo;entendent bien. Louise gagne sa vie en gardant des enfants. Jeanne, sans trop de conviction, cherche un emploi.<br \/>\nUn jour, en lisant une annonce sur le net, Louise croit que le destin frappe \u00e0 sa porte. Elle nourrit l&rsquo;espoir de faire engager sa fille chez Samuel Bleistein, un avocat de renom qu&rsquo;elle a connu dans sa jeunesse.<br \/>\nL&rsquo;univers de Jeanne et celui de Bleistein sont \u00e0 des ann\u00e9es lumi\u00e8res de distance&#8230; Pourtant, ils vont se rencontrer \u00e0 cause d&rsquo;un mensonge inou\u00ef que Jeanne va \u00e9chaffauder.<br \/>\nLe film est l&rsquo;histoire de ce mensonge qui va devenir le fait divers le plus m\u00e9diatis\u00e9 et le plus politis\u00e9 de ces derni\u00e8res ann\u00e9es.<\/p>\n<p><strong>Avis\u00a0:<\/strong><\/p>\n<p><em>Andr\u00e9 T\u00e9chin\u00e9<\/em> est un r\u00e9alisateur fran\u00e7ais qui a connu un succ\u00e8s assez fou \u00e0 la fin des ann\u00e9es 70 et dans les ann\u00e9es 80. Des films comme \u00ab\u00a0<strong>H\u00f4tel des Am\u00e9riques<\/strong>\u00ab\u00a0, \u00ab\u00a0<strong>Le lieu du crime<\/strong>\u00ab\u00a0, \u00ab\u00a0<strong>Alice et Martin<\/strong>\u00a0\u00bb ou \u00ab\u00a0<strong>Rendez-vous<\/strong>\u00a0\u00bb sont des classiques de sa filmographie. Mais depuis les ann\u00e9es 2000, le r\u00e9alisateur est en baisse de r\u00e9gime. Si \u00ab\u00a0<strong>les temps qui changent<\/strong>\u00a0\u00bb et \u00ab\u00a0<strong>Les t\u00e9moins<\/strong>\u00a0\u00bb avaient su lui faire remonter la pente, il lui faudra encore attendre sept ans pour pouvoir le revoir en forme avec \u00ab\u00a0<strong>L&rsquo;homme que l&rsquo;on aimait trop<\/strong>\u00ab\u00a0.<\/p>\n<p>Entre-temps et apr\u00e8s \u00ab\u00a0<strong>Les t\u00e9moins<\/strong>\u00ab\u00a0, le r\u00e9alisateur a d\u00e9cid\u00e9 de s&rsquo;attaquer \u00e0 un fait divers qui avait soulev\u00e9 la presse, le gouvernement et indign\u00e9 la France en 2004. Un fait divers qui fut appel\u00e9 \u00ab\u00a0L&rsquo;affaire du RER\u00a0\u00bb. \u00c0 l&rsquo;\u00e9poque, une jeune fille sans histoire avait pr\u00e9tendu s&rsquo;\u00eatre faite agress\u00e9e par des hommes sous pr\u00e9texte qu&rsquo;il l&rsquo;avait crue juive. L&rsquo;affaire, qui \u00e9tait en r\u00e9alit\u00e9 un mensonge, avait fait \u00e9norm\u00e9ment de bruits. Tous les ingr\u00e9dients de ce triste \u00e9v\u00e9nement \u00e9t\u00e9 r\u00e9unis pour faire un film et c&rsquo;est ce qu&rsquo;a choisi <em>Andr\u00e9 T\u00e9chin\u00e9<\/em>. Le r\u00e9alisateur avait choisi de nous raconter les raisons de ce mensonge, mais son film aura un petit go\u00fbt de d\u00e9ception et le portrait de cette jeune fille aura un peu de mal \u00e0 convaincre.<\/p>\n<p style=\"text-align: center;\"><a href=\"https:\/\/www.lavisqteam.fr\/wp-content\/uploads\/2016\/01\/12459790_1220927411253999_1309213552_n.jpg\" rel=\"attachment wp-att-18572\"><img loading=\"lazy\" class=\"alignnone  wp-image-18572\" src=\"https:\/\/www.lavisqteam.fr\/wp-content\/uploads\/2016\/01\/12459790_1220927411253999_1309213552_n.jpg\" alt=\"12459790_1220927411253999_1309213552_n\" width=\"600\" height=\"402\" srcset=\"https:\/\/www.lavisqteam.fr\/wp-content\/uploads\/2016\/01\/12459790_1220927411253999_1309213552_n.jpg 960w, https:\/\/www.lavisqteam.fr\/wp-content\/uploads\/2016\/01\/12459790_1220927411253999_1309213552_n-300x201.jpg 300w, https:\/\/www.lavisqteam.fr\/wp-content\/uploads\/2016\/01\/12459790_1220927411253999_1309213552_n-768x514.jpg 768w\" sizes=\"(max-width: 600px) 100vw, 600px\" \/><\/a><\/p>\n<p>Jeanne est une jeune fille comme les autres. Elle habite avec sa m\u00e8re avec qui elle a une belle relation. Au ch\u00f4mage, Jeanne cherche un emploi, mais elle est maladroite et a bien du mal \u00e0 convaincre quand elle se rend \u00e0 un entretien d&#8217;embauche. Un apr\u00e8s-midi, alors qu&rsquo;elle fait du roller dans Paris, elle fait la rencontre de Franck, un gar\u00e7on s\u00e9duisant et dr\u00f4le. Pour les deux jeunes gens, c&rsquo;est le coup de foudre, mais cette jolie rencontre va avoir de sacr\u00e9es cons\u00e9quences aussi bien pour elle que pour lui.<\/p>\n<p>S&rsquo;approprier \u00ab\u00a0L&rsquo;affaire du RER\u00a0\u00bb \u00e9tait une belle id\u00e9e sur le papier. Essay\u00e9 d&rsquo;en expliquer les rouages et les n\u00e9vroses qui ont conduit \u00e0 ce mensonge \u00e9hont\u00e9 \u00e9tait une belle intention, mais malheureusement si le tout donne terriblement envie, sur l&rsquo;image le constat est plus difficile.<\/p>\n<p>\u00ab\u00a0<strong>La fille du RER<\/strong>\u00a0\u00bb est construit en deux parties, deux chapitres que le r\u00e9alisateur appelle \u00ab\u00a0les circonstances\u00a0\u00bb et \u00ab\u00a0Les cons\u00e9quences\u00a0\u00bb. Deux parties qui annoncent alors la couleur. Il va y avoir un avant et un apr\u00e8s l&rsquo;agression du RER. On s&rsquo;attendait donc \u00e0 avoir une belle r\u00e9flexion sur le mensonge et la tromperie, le tout accompagn\u00e9 peut-\u00eatre des n\u00e9vroses et d&rsquo;un mal de vivre par rapport \u00e0 une soci\u00e9t\u00e9 de plus en plus dure. Mais entre ce que l&rsquo;on esp\u00e8re voir et ce que le r\u00e9alisateur nous a r\u00e9serv\u00e9, il va y avoir une sacr\u00e9e diff\u00e9rence.<\/p>\n<p>La premi\u00e8re partie de cette \u00ab\u00a0<strong>Fille du RER<\/strong>\u00a0\u00bb est, au d\u00e9part, pleine de charme. M\u00eame si le film n&rsquo;est pas prenant, on se laisse tout de m\u00eame bercer par le charme des acteurs et la mise en sc\u00e8ne soign\u00e9e. Cette histoire d&rsquo;amour qui d\u00e9bute est jolie et bien amen\u00e9e. Le film arrive m\u00eame \u00e0 cr\u00e9er un certain suspens, puisque l&rsquo;on a bien du mal \u00e0 voir comment cette jeune fille va basculer dans la spirale du mensonge et finir par s&rsquo;automutiler. Le sc\u00e9nario avance doucement et malgr\u00e9 les charmes, les premi\u00e8res longueurs se font ressentir. On avait envie de d\u00e9couvrir l&rsquo;envers du d\u00e9cor de l&rsquo;histoire du RER et <em>Andr\u00e9 T\u00e9chin\u00e9<\/em> tra\u00eene une bonne heure avant d&rsquo;y arriver. Il va donc falloir attendre l&rsquo;\u00e9l\u00e9ment d\u00e9clencheur, mais une fois celui-ci arriv\u00e9, on aura bien du mal \u00e0 croire et \u00e0 comprendre la raison de la r\u00e9action de cette jeune fille. Le sc\u00e9nario devient alors labyrinthique. Il essaie de justifier les n\u00e9vroses de Jeanne, mais ce n&rsquo;est pas clair et finalement, on se pose plus de questions qu&rsquo;autre chose. Et malheureusement, ce n&rsquo;est pas le chapitre \u00ab\u00a0Les cons\u00e9quences\u00a0\u00bb qui va \u00e9clairer notre lanterne.<\/p>\n<p>Car si les cons\u00e9quences de ce mensonge sont bien pr\u00e9sentes, que le r\u00e9alisateur emporte son personnage jusqu\u2019\u00e0 sa r\u00e9v\u00e9lation et assume ses actes et paroles, il n\u2019y a toujours aucune vraie justification, et ce n&rsquo;est pas \u00ab\u00a0Je voulais que tout le monde m&rsquo;aime, mais c&rsquo;est le contraire qui se produit\u00a0\u00bb qui pourra justifier le tout. Peut-\u00eatre qu&rsquo;on attendait autre chose, qu&rsquo;on en voulait plus, ou que l&rsquo;excuse de la jeune femme est assez mal plac\u00e9e, mais \u00e0 cause de ce manque d&rsquo;explications, on reste sur notre faim. De plus, on aurait appr\u00e9ci\u00e9 que le r\u00e9alisateur d\u00e9veloppe plus les cons\u00e9quences sur les m\u00e9dias ou les r\u00e9cup\u00e9rations politiques qu&rsquo;il y a eues. On aurait aim\u00e9 que ce mensonge soit plus lourd \u00e0 porter et \u00e0 d\u00e9busquer. Car si le film aborde bien les cons\u00e9quences \u00ab\u00a0judiciaires\u00a0\u00bb, on reste l\u00e0 aussi sur notre faim en ce qui concerne le reste. Et c&rsquo;est dommage, car c&rsquo;est vraiment ce qui manque \u00e0 ce film pour convaincre pleinement le spectateur. \u00c0 la place de s&rsquo;\u00e9garer dans le chapitre \u00ab\u00a0Les circonstances\u00a0\u00bb o\u00f9 <em>T\u00e9chin\u00e9<\/em> d\u00e9veloppe d&rsquo;autres \u00e9l\u00e9ments pas forc\u00e9ment n\u00e9cessaires comme la vie de famille de <em>Michel Blanc<\/em> ou encore l&rsquo;amourette jamais v\u00e9cue entre<em> Blanc <\/em>et <em>Deneuve<\/em>, on aurait pr\u00e9f\u00e9r\u00e9 qu&rsquo;il se concentre plus sur \u00ab\u00a0L&rsquo;affaire du RER\u00a0\u00bb et le portrait de sa jeune fille.<\/p>\n<p style=\"text-align: center;\"><a href=\"https:\/\/www.lavisqteam.fr\/wp-content\/uploads\/2016\/01\/12463920_1220927427920664_118856627_n.jpg\" rel=\"attachment wp-att-18571\"><img loading=\"lazy\" class=\"alignnone  wp-image-18571\" src=\"https:\/\/www.lavisqteam.fr\/wp-content\/uploads\/2016\/01\/12463920_1220927427920664_118856627_n.jpg\" alt=\"12463920_1220927427920664_118856627_n\" width=\"600\" height=\"402\" srcset=\"https:\/\/www.lavisqteam.fr\/wp-content\/uploads\/2016\/01\/12463920_1220927427920664_118856627_n.jpg 960w, https:\/\/www.lavisqteam.fr\/wp-content\/uploads\/2016\/01\/12463920_1220927427920664_118856627_n-300x201.jpg 300w, https:\/\/www.lavisqteam.fr\/wp-content\/uploads\/2016\/01\/12463920_1220927427920664_118856627_n-768x514.jpg 768w\" sizes=\"(max-width: 600px) 100vw, 600px\" \/><\/a><\/p>\n<p>C&rsquo;est donc dommage, car le film avait tout pour \u00eatre une tr\u00e8s belle critique de notre soci\u00e9t\u00e9. Ce mensonge et cette jeune fille avaient tout pour d\u00e9noncer une soci\u00e9t\u00e9 et une g\u00e9n\u00e9ration en manque de reconnaissance. Dans un sens, le film aborde ceci, mais le r\u00e9alisateur ne fait que le survoler. Pour le reste, <em>Andr\u00e9 T\u00e9chin\u00e9<\/em> s&rsquo;\u00e9gare quelque peu et s&rsquo;aventure sur d&rsquo;autres sentiers que celui qu&rsquo;on aurait aim\u00e9 voir. \u00ab\u00a0<strong>La fille du RER<\/strong>\u00a0\u00bb est alors un film qui se laisse regarder, sans vraiment d&rsquo;ennui malgr\u00e9 les petites longueurs. C&rsquo;est un film qui d\u00e9tient tout de m\u00eame son charme, de belles images et d&rsquo;excellents acteurs, mais c&rsquo;est aussi un film qui s&rsquo;oubliera assez vite malheureusement.<\/p>\n<p><strong>Note\u00a0: 10\/20<\/strong><\/p>\n<p style=\"text-align: center;\">[youtube]https:\/\/www.youtube.com\/watch?v=92qgpPKrg-I[\/youtube]<\/p>\n<p style=\"text-align: right;\">Par <strong>Cin\u00e9ted<\/strong><\/p>\n","protected":false},"excerpt":{"rendered":"<p>De\u00a0: Andr\u00e9 T\u00e9chin\u00e9 Avec Emilie Dequenne, Michel Blanc, Catherine Deneuve, Nicolas Duvauchelle Ann\u00e9e\u00a0: 2009 Pays\u00a0: France Genre\u00a0: Drame R\u00e9sum\u00e9\u00a0: Jeanne vit dans un pavillon de &hellip; <\/p>\n","protected":false},"author":1,"featured_media":0,"comment_status":"open","ping_status":"open","sticky":false,"template":"","format":"standard","meta":[],"categories":[1],"tags":[],"yoast_head":"<!-- This site is optimized with the Yoast SEO plugin v19.6.1 - https:\/\/yoast.com\/wordpress\/plugins\/seo\/ -->\n<title>La Fille du RER - Lavisqteam.fr<\/title>\n<meta name=\"robots\" content=\"index, follow, max-snippet:-1, max-image-preview:large, max-video-preview:-1\" \/>\n<link rel=\"canonical\" href=\"https:\/\/www.lavisqteam.fr\/?p=18569\" \/>\n<meta property=\"og:locale\" content=\"fr_FR\" \/>\n<meta property=\"og:type\" content=\"article\" \/>\n<meta property=\"og:title\" content=\"La Fille du RER - Lavisqteam.fr\" \/>\n<meta property=\"og:description\" content=\"De\u00a0: Andr\u00e9 T\u00e9chin\u00e9 Avec Emilie Dequenne, Michel Blanc, Catherine Deneuve, Nicolas Duvauchelle Ann\u00e9e\u00a0: 2009 Pays\u00a0: France Genre\u00a0: Drame R\u00e9sum\u00e9\u00a0: Jeanne vit dans un pavillon de &hellip;\" \/>\n<meta property=\"og:url\" content=\"https:\/\/www.lavisqteam.fr\/?p=18569\" \/>\n<meta property=\"og:site_name\" content=\"Lavisqteam.fr\" \/>\n<meta property=\"article:published_time\" content=\"2016-01-23T11:16:37+00:00\" \/>\n<meta property=\"og:image\" content=\"http:\/\/www.lavisqteam.fr\/wp-content\/uploads\/2016\/01\/12460099_1220927344587339_622781753_n.jpg\" \/>\n<meta name=\"author\" content=\"AqME\" \/>\n<meta name=\"twitter:card\" content=\"summary_large_image\" \/>\n<meta name=\"twitter:label1\" content=\"\u00c9crit par\" \/>\n\t<meta name=\"twitter:data1\" content=\"AqME\" \/>\n\t<meta name=\"twitter:label2\" content=\"Dur\u00e9e de lecture estim\u00e9e\" \/>\n\t<meta name=\"twitter:data2\" content=\"6 minutes\" \/>\n<script type=\"application\/ld+json\" class=\"yoast-schema-graph\">{\"@context\":\"https:\/\/schema.org\",\"@graph\":[{\"@type\":\"Article\",\"@id\":\"https:\/\/www.lavisqteam.fr\/?p=18569#article\",\"isPartOf\":{\"@id\":\"https:\/\/www.lavisqteam.fr\/?p=18569\"},\"author\":{\"name\":\"AqME\",\"@id\":\"https:\/\/www.lavisqteam.fr\/#\/schema\/person\/da11d7c30bf135b288b17cc576708c2d\"},\"headline\":\"La Fille du RER\",\"datePublished\":\"2016-01-23T11:16:37+00:00\",\"dateModified\":\"2016-01-23T11:16:37+00:00\",\"mainEntityOfPage\":{\"@id\":\"https:\/\/www.lavisqteam.fr\/?p=18569\"},\"wordCount\":1224,\"commentCount\":0,\"publisher\":{\"@id\":\"https:\/\/www.lavisqteam.fr\/#organization\"},\"articleSection\":[\"Uncategorized\"],\"inLanguage\":\"fr-FR\",\"potentialAction\":[{\"@type\":\"CommentAction\",\"name\":\"Comment\",\"target\":[\"https:\/\/www.lavisqteam.fr\/?p=18569#respond\"]}]},{\"@type\":\"WebPage\",\"@id\":\"https:\/\/www.lavisqteam.fr\/?p=18569\",\"url\":\"https:\/\/www.lavisqteam.fr\/?p=18569\",\"name\":\"La Fille du RER - Lavisqteam.fr\",\"isPartOf\":{\"@id\":\"https:\/\/www.lavisqteam.fr\/#website\"},\"datePublished\":\"2016-01-23T11:16:37+00:00\",\"dateModified\":\"2016-01-23T11:16:37+00:00\",\"breadcrumb\":{\"@id\":\"https:\/\/www.lavisqteam.fr\/?p=18569#breadcrumb\"},\"inLanguage\":\"fr-FR\",\"potentialAction\":[{\"@type\":\"ReadAction\",\"target\":[\"https:\/\/www.lavisqteam.fr\/?p=18569\"]}]},{\"@type\":\"BreadcrumbList\",\"@id\":\"https:\/\/www.lavisqteam.fr\/?p=18569#breadcrumb\",\"itemListElement\":[{\"@type\":\"ListItem\",\"position\":1,\"name\":\"Accueil\",\"item\":\"https:\/\/www.lavisqteam.fr\/\"},{\"@type\":\"ListItem\",\"position\":2,\"name\":\"La Fille du RER\"}]},{\"@type\":\"WebSite\",\"@id\":\"https:\/\/www.lavisqteam.fr\/#website\",\"url\":\"https:\/\/www.lavisqteam.fr\/\",\"name\":\"Lavisqteam.fr\",\"description\":\"\",\"publisher\":{\"@id\":\"https:\/\/www.lavisqteam.fr\/#organization\"},\"potentialAction\":[{\"@type\":\"SearchAction\",\"target\":{\"@type\":\"EntryPoint\",\"urlTemplate\":\"https:\/\/www.lavisqteam.fr\/?s={search_term_string}\"},\"query-input\":\"required name=search_term_string\"}],\"inLanguage\":\"fr-FR\"},{\"@type\":\"Organization\",\"@id\":\"https:\/\/www.lavisqteam.fr\/#organization\",\"name\":\"Lavisqteam.fr\",\"url\":\"https:\/\/www.lavisqteam.fr\/\",\"sameAs\":[],\"logo\":{\"@type\":\"ImageObject\",\"inLanguage\":\"fr-FR\",\"@id\":\"https:\/\/www.lavisqteam.fr\/#\/schema\/logo\/image\/\",\"url\":\"https:\/\/www.lavisqteam.fr\/wp-content\/uploads\/2020\/08\/cropped-80879545_3479261675449035_4078032831501041664_o-4.jpg\",\"contentUrl\":\"https:\/\/www.lavisqteam.fr\/wp-content\/uploads\/2020\/08\/cropped-80879545_3479261675449035_4078032831501041664_o-4.jpg\",\"width\":1674,\"height\":536,\"caption\":\"Lavisqteam.fr\"},\"image\":{\"@id\":\"https:\/\/www.lavisqteam.fr\/#\/schema\/logo\/image\/\"}},{\"@type\":\"Person\",\"@id\":\"https:\/\/www.lavisqteam.fr\/#\/schema\/person\/da11d7c30bf135b288b17cc576708c2d\",\"name\":\"AqME\",\"image\":{\"@type\":\"ImageObject\",\"inLanguage\":\"fr-FR\",\"@id\":\"https:\/\/www.lavisqteam.fr\/#\/schema\/person\/image\/\",\"url\":\"https:\/\/secure.gravatar.com\/avatar\/4a87d013fc854acd0f25858a13573675?s=96&d=mm&r=g\",\"contentUrl\":\"https:\/\/secure.gravatar.com\/avatar\/4a87d013fc854acd0f25858a13573675?s=96&d=mm&r=g\",\"caption\":\"AqME\"},\"description\":\"Amateur d'horreur, M\u00e9talleux dans l'\u00e2me, je succombe facilement \u00e0 des images de chatons.\",\"url\":\"https:\/\/www.lavisqteam.fr\/?author=1\"}]}<\/script>\n<!-- \/ Yoast SEO plugin. -->","yoast_head_json":{"title":"La Fille du RER - Lavisqteam.fr","robots":{"index":"index","follow":"follow","max-snippet":"max-snippet:-1","max-image-preview":"max-image-preview:large","max-video-preview":"max-video-preview:-1"},"canonical":"https:\/\/www.lavisqteam.fr\/?p=18569","og_locale":"fr_FR","og_type":"article","og_title":"La Fille du RER - Lavisqteam.fr","og_description":"De\u00a0: Andr\u00e9 T\u00e9chin\u00e9 Avec Emilie Dequenne, Michel Blanc, Catherine Deneuve, Nicolas Duvauchelle Ann\u00e9e\u00a0: 2009 Pays\u00a0: France Genre\u00a0: Drame R\u00e9sum\u00e9\u00a0: Jeanne vit dans un pavillon de &hellip;","og_url":"https:\/\/www.lavisqteam.fr\/?p=18569","og_site_name":"Lavisqteam.fr","article_published_time":"2016-01-23T11:16:37+00:00","og_image":[{"url":"http:\/\/www.lavisqteam.fr\/wp-content\/uploads\/2016\/01\/12460099_1220927344587339_622781753_n.jpg"}],"author":"AqME","twitter_card":"summary_large_image","twitter_misc":{"\u00c9crit par":"AqME","Dur\u00e9e de lecture estim\u00e9e":"6 minutes"},"schema":{"@context":"https:\/\/schema.org","@graph":[{"@type":"Article","@id":"https:\/\/www.lavisqteam.fr\/?p=18569#article","isPartOf":{"@id":"https:\/\/www.lavisqteam.fr\/?p=18569"},"author":{"name":"AqME","@id":"https:\/\/www.lavisqteam.fr\/#\/schema\/person\/da11d7c30bf135b288b17cc576708c2d"},"headline":"La Fille du RER","datePublished":"2016-01-23T11:16:37+00:00","dateModified":"2016-01-23T11:16:37+00:00","mainEntityOfPage":{"@id":"https:\/\/www.lavisqteam.fr\/?p=18569"},"wordCount":1224,"commentCount":0,"publisher":{"@id":"https:\/\/www.lavisqteam.fr\/#organization"},"articleSection":["Uncategorized"],"inLanguage":"fr-FR","potentialAction":[{"@type":"CommentAction","name":"Comment","target":["https:\/\/www.lavisqteam.fr\/?p=18569#respond"]}]},{"@type":"WebPage","@id":"https:\/\/www.lavisqteam.fr\/?p=18569","url":"https:\/\/www.lavisqteam.fr\/?p=18569","name":"La Fille du RER - Lavisqteam.fr","isPartOf":{"@id":"https:\/\/www.lavisqteam.fr\/#website"},"datePublished":"2016-01-23T11:16:37+00:00","dateModified":"2016-01-23T11:16:37+00:00","breadcrumb":{"@id":"https:\/\/www.lavisqteam.fr\/?p=18569#breadcrumb"},"inLanguage":"fr-FR","potentialAction":[{"@type":"ReadAction","target":["https:\/\/www.lavisqteam.fr\/?p=18569"]}]},{"@type":"BreadcrumbList","@id":"https:\/\/www.lavisqteam.fr\/?p=18569#breadcrumb","itemListElement":[{"@type":"ListItem","position":1,"name":"Accueil","item":"https:\/\/www.lavisqteam.fr\/"},{"@type":"ListItem","position":2,"name":"La Fille du RER"}]},{"@type":"WebSite","@id":"https:\/\/www.lavisqteam.fr\/#website","url":"https:\/\/www.lavisqteam.fr\/","name":"Lavisqteam.fr","description":"","publisher":{"@id":"https:\/\/www.lavisqteam.fr\/#organization"},"potentialAction":[{"@type":"SearchAction","target":{"@type":"EntryPoint","urlTemplate":"https:\/\/www.lavisqteam.fr\/?s={search_term_string}"},"query-input":"required name=search_term_string"}],"inLanguage":"fr-FR"},{"@type":"Organization","@id":"https:\/\/www.lavisqteam.fr\/#organization","name":"Lavisqteam.fr","url":"https:\/\/www.lavisqteam.fr\/","sameAs":[],"logo":{"@type":"ImageObject","inLanguage":"fr-FR","@id":"https:\/\/www.lavisqteam.fr\/#\/schema\/logo\/image\/","url":"https:\/\/www.lavisqteam.fr\/wp-content\/uploads\/2020\/08\/cropped-80879545_3479261675449035_4078032831501041664_o-4.jpg","contentUrl":"https:\/\/www.lavisqteam.fr\/wp-content\/uploads\/2020\/08\/cropped-80879545_3479261675449035_4078032831501041664_o-4.jpg","width":1674,"height":536,"caption":"Lavisqteam.fr"},"image":{"@id":"https:\/\/www.lavisqteam.fr\/#\/schema\/logo\/image\/"}},{"@type":"Person","@id":"https:\/\/www.lavisqteam.fr\/#\/schema\/person\/da11d7c30bf135b288b17cc576708c2d","name":"AqME","image":{"@type":"ImageObject","inLanguage":"fr-FR","@id":"https:\/\/www.lavisqteam.fr\/#\/schema\/person\/image\/","url":"https:\/\/secure.gravatar.com\/avatar\/4a87d013fc854acd0f25858a13573675?s=96&d=mm&r=g","contentUrl":"https:\/\/secure.gravatar.com\/avatar\/4a87d013fc854acd0f25858a13573675?s=96&d=mm&r=g","caption":"AqME"},"description":"Amateur d'horreur, M\u00e9talleux dans l'\u00e2me, je succombe facilement \u00e0 des images de chatons.","url":"https:\/\/www.lavisqteam.fr\/?author=1"}]}},"jetpack_featured_media_url":"","_links":{"self":[{"href":"https:\/\/www.lavisqteam.fr\/index.php?rest_route=\/wp\/v2\/posts\/18569"}],"collection":[{"href":"https:\/\/www.lavisqteam.fr\/index.php?rest_route=\/wp\/v2\/posts"}],"about":[{"href":"https:\/\/www.lavisqteam.fr\/index.php?rest_route=\/wp\/v2\/types\/post"}],"author":[{"embeddable":true,"href":"https:\/\/www.lavisqteam.fr\/index.php?rest_route=\/wp\/v2\/users\/1"}],"replies":[{"embeddable":true,"href":"https:\/\/www.lavisqteam.fr\/index.php?rest_route=%2Fwp%2Fv2%2Fcomments&post=18569"}],"version-history":[{"count":1,"href":"https:\/\/www.lavisqteam.fr\/index.php?rest_route=\/wp\/v2\/posts\/18569\/revisions"}],"predecessor-version":[{"id":18573,"href":"https:\/\/www.lavisqteam.fr\/index.php?rest_route=\/wp\/v2\/posts\/18569\/revisions\/18573"}],"wp:attachment":[{"href":"https:\/\/www.lavisqteam.fr\/index.php?rest_route=%2Fwp%2Fv2%2Fmedia&parent=18569"}],"wp:term":[{"taxonomy":"category","embeddable":true,"href":"https:\/\/www.lavisqteam.fr\/index.php?rest_route=%2Fwp%2Fv2%2Fcategories&post=18569"},{"taxonomy":"post_tag","embeddable":true,"href":"https:\/\/www.lavisqteam.fr\/index.php?rest_route=%2Fwp%2Fv2%2Ftags&post=18569"}],"curies":[{"name":"wp","href":"https:\/\/api.w.org\/{rel}","templated":true}]}}