{"id":18389,"date":"2016-01-12T22:13:51","date_gmt":"2016-01-12T22:13:51","guid":{"rendered":"http:\/\/www.lavisqteam.fr\/?p=18389"},"modified":"2016-01-12T22:13:51","modified_gmt":"2016-01-12T22:13:51","slug":"la-nostra-vita","status":"publish","type":"post","link":"https:\/\/www.lavisqteam.fr\/?p=18389","title":{"rendered":"La Nostra Vita"},"content":{"rendered":"<p style=\"text-align: center;\"><a href=\"https:\/\/www.lavisqteam.fr\/wp-content\/uploads\/2016\/01\/12467730_1220787001268040_874886275_n.jpg\" rel=\"attachment wp-att-18390\"><img loading=\"lazy\" class=\"alignnone  wp-image-18390\" src=\"https:\/\/www.lavisqteam.fr\/wp-content\/uploads\/2016\/01\/12467730_1220787001268040_874886275_n.jpg\" alt=\"12467730_1220787001268040_874886275_n\" width=\"600\" height=\"900\" srcset=\"https:\/\/www.lavisqteam.fr\/wp-content\/uploads\/2016\/01\/12467730_1220787001268040_874886275_n.jpg 640w, https:\/\/www.lavisqteam.fr\/wp-content\/uploads\/2016\/01\/12467730_1220787001268040_874886275_n-200x300.jpg 200w\" sizes=\"(max-width: 600px) 100vw, 600px\" \/><\/a><\/p>\n<p><strong>De\u00a0: <\/strong>Daniele Luchetti<\/p>\n<p><strong>Avec <\/strong>Elio Germano, Raoul Bova, Isabella Ragonese, Luca Zingaretti<\/p>\n<p><strong>Ann\u00e9e\u00a0: <\/strong>2010<\/p>\n<p><strong>Pays\u00a0: <\/strong>Italie, France<\/p>\n<p><strong>Genre\u00a0: <\/strong>Com\u00e9die<\/p>\n<p><strong>R\u00e9sum\u00e9\u00a0:<\/strong><\/p>\n<p>Claudio, ouvrier dans le b\u00e2timent, travaille sur un chantier dans la banlieue de Rome. Il est tr\u00e8s amoureux de sa femme, enceinte de leur troisi\u00e8me enfant. Un drame inattendu va soudain bouleverser l&rsquo;insouciance de cette vie simple et heureuse. Pour survivre, Claudio va affronter avec rage l&rsquo;injustice intime et sociale qui le touche. Le soutien de sa famille, de ses amis et l&rsquo;amour de ses enfants vont l&rsquo;aider \u00e0 r\u00e9ussir le pari de la vie.<\/p>\n<p><strong>Avis\u00a0:<\/strong><\/p>\n<p><em>Elio Germano<\/em> d\u00e9gageait quelque chose de tr\u00e8s particulier dans \u00ab\u00a0<strong>Suburra<\/strong>\u00a0\u00bb de <em>Stefano Sollima<\/em>. Et l&rsquo;acteur, qui est tr\u00e8s loin d&rsquo;\u00eatre en d\u00e9but de carri\u00e8re, a d\u00e9j\u00e0 une sacr\u00e9e filmographie allant de <em>Michele Placido<\/em> \u00e0 <em>Abel Ferrara<\/em> en passant par <em>Rob Marshall<\/em> ou <em>Emanuele Crialese<\/em>. Et son travail fut m\u00eame r\u00e9compens\u00e9 puisqu&rsquo;il fut honor\u00e9 par trois David di Donatello, l&rsquo;\u00e9quivalent de nos C\u00e9sars, en tant que meilleur acteur dans son pays, dont un pour ce film.<\/p>\n<p>\u00ab\u00a0<strong>La Nostra Vita<\/strong>\u00ab\u00a0, c&rsquo;est donc typiquement le genre de film qui fut une belle surprise. En une heure et demie, <em>Daniele Luchetti<\/em> nous invite \u00e0 entrer au plus pr\u00e8s de ce p\u00e8re courage qui va tout faire pour sortir la t\u00eate de l&rsquo;eau.<\/p>\n<p style=\"text-align: center;\"><a href=\"https:\/\/www.lavisqteam.fr\/wp-content\/uploads\/2016\/01\/12470986_1220787117934695_1999069204_o.jpg\" rel=\"attachment wp-att-18392\"><img loading=\"lazy\" class=\"alignnone size-large wp-image-18392\" src=\"https:\/\/www.lavisqteam.fr\/wp-content\/uploads\/2016\/01\/12470986_1220787117934695_1999069204_o-1024x576.jpg\" alt=\"12470986_1220787117934695_1999069204_o\" width=\"600\" height=\"338\" srcset=\"https:\/\/www.lavisqteam.fr\/wp-content\/uploads\/2016\/01\/12470986_1220787117934695_1999069204_o-1024x576.jpg 1024w, https:\/\/www.lavisqteam.fr\/wp-content\/uploads\/2016\/01\/12470986_1220787117934695_1999069204_o-300x169.jpg 300w, https:\/\/www.lavisqteam.fr\/wp-content\/uploads\/2016\/01\/12470986_1220787117934695_1999069204_o-768x432.jpg 768w, https:\/\/www.lavisqteam.fr\/wp-content\/uploads\/2016\/01\/12470986_1220787117934695_1999069204_o.jpg 1280w\" sizes=\"(max-width: 600px) 100vw, 600px\" \/><\/a><\/p>\n<p>Claudio est un jeune p\u00e8re de famille heureux en couple et dans son travail. Avec sa femme, ils attendent leur troisi\u00e8me enfant. Mais quand cette derni\u00e8re accouche, elle perd la vie en donnant naissance \u00e0 un petit gar\u00e7on. En l&rsquo;espace de quelques heures, Claudio voit alors son monde s&rsquo;\u00e9crouler. Comment reprendre sa vie alors que la douleur est pr\u00e9sente \u00e0 chaque instant ? Essayant de ne pas sombrer dans le d\u00e9sespoir, ne serait-ce que pour assurer l&rsquo;avenir de ses enfants, Claudio se lance alors corps et \u00e2me dans son travail. Mais une d\u00e9couverte, suivi d&rsquo;un mauvais choix, vont alors compliquer encore un peu plus la situation.<\/p>\n<p>\u00ab\u00a0<strong>La Nostra Vita<\/strong>\u00ab\u00a0, c&rsquo;est la vie de tous les jours v\u00e9cue par des personnages tout ce qu&rsquo;il y a de plus simple. C&rsquo;est une histoire tout ce qu&rsquo;il y a de plus banale, mais que le r\u00e9alisateur arrive tr\u00e8s bien \u00e0 nous faire ressentir. On entre dans \u00ab\u00a0<strong>La Nostra Vita<\/strong>\u00a0\u00bb comme on entre dans une tranche de vie. Les personnages qu&rsquo;on s&rsquo;appr\u00eate \u00e0 suivre ne sont qu&rsquo;alchimie et d\u00e9licatesse. De suite, le film d\u00e9gage une chaleur, une joie de vivre et l&rsquo;on s&rsquo;accroche tr\u00e8s rapidement au personnage, ce qui rendra la suite d&rsquo;autant plus touchante.<\/p>\n<p>Ce qui est tr\u00e8s bon avec \u00ab\u00a0<strong>La Nostra Vita<\/strong>\u00ab\u00a0, c&rsquo;est que le r\u00e9alisateur <em>Daniele Luchetti<\/em> a l&rsquo;intelligence de ne pas faire sombrer son film dans la tristesse, le mis\u00e9rabilisme ou encore le glauque, alors qu&rsquo;il est question d&rsquo;un homme qui doit faire son deuil pour finalement avancer dans sa vie. Le sc\u00e9nario tient la route et s&rsquo;aventure l\u00e0 o\u00f9 il faut aller. <em>Daniele Luchetti<\/em> sait tr\u00e8s bien comment faire \u00e9voluer cet homme. La fa\u00e7on qu&rsquo;il a de s&rsquo;enfermer dans son travail pour oublier est touchante, voire m\u00eame bouleversante \u00e0 plus d&rsquo;une reprise. Ce personnage, avec ce drame qui le touche, est en perp\u00e9tuelle \u00e9volution et l&rsquo;on appr\u00e9cie par exemple le regard neuf qu&rsquo;il va porter sur les ouvriers qu&rsquo;il a engag\u00e9s. <em>Daniele Luchetti<\/em> injecte un peu de social dans son film, parlant aussi de la condition des travailleurs clandestins et le contexte m\u00eame de l&rsquo;Italie et ce que certains habitants sont pr\u00eats \u00e0 faire, flirtant avec l&rsquo;ill\u00e9galit\u00e9, pour s&rsquo;assurer que la t\u00eate est bien en dehors de l&rsquo;eau et qu&rsquo;ils ne finissent pas par se noyer. Un sujet lourd abord\u00e9 avec beaucoup de discr\u00e9tion et de pertinence par son r\u00e9alisateur, sans pour autant que ce \u00ab\u00a0nouveau\u00a0\u00bb sujet finisse par passer au-dessus du deuil et des \u00e9motions de son personnage.<\/p>\n<p>Le seul regret qu&rsquo;on aura, car il ne fera pas avancer l&rsquo;histoire, au contraire, c&rsquo;est la d\u00e9couverte que Claudio va faire dans l&rsquo;un des immeubles en construction. Cette d\u00e9couverte, et les tensions qu&rsquo;elle apporte, n&rsquo;\u00e9tait pas n\u00e9cessaire et le tout est assez mal amen\u00e9. C&rsquo;est bien dommage, car c&rsquo;est l&rsquo;une des causes qui fait que le film baisse en \u00e9motion et qu&rsquo;il ne soit donc pas si marquant. Ce qui est beau avec ce film, c&rsquo;est aussi la mise en image de <em>Daniele Luchetti<\/em>. Son film est vivant, tr\u00e8s clair et l\u00e9ger, alors qu&rsquo;il aborde des sujets lourds, il respire la vie. Les plans berc\u00e9s par l&rsquo;\u00e9clairage superbe de ce soleil d&rsquo;Italie sont tr\u00e8s beaux \u00e0 regarder. Puis l&rsquo;image est simple, sans fioriture, elle refl\u00e8te bien ses personnages.<\/p>\n<p>Enfin, le film est port\u00e9 par un magnifique <em>Elio Germano<\/em>. L&rsquo;acteur n&rsquo;a vraiment pas vol\u00e9 son prix \u00e0 Cannes ou chez lui. Confus, en col\u00e8re, nuanc\u00e9, boulevers\u00e9, sans tomber dans le m\u00e9lodrame, il cr\u00e8ve l&rsquo;\u00e9cran et sera toucher comme il se doit. Et malgr\u00e9 la pr\u00e9sence de com\u00e9diens tout aussi parfaits que lui, au final, on ne retient que lui une fois le g\u00e9n\u00e9rique arriv\u00e9. C&rsquo;est franchement une tr\u00e8s belle d\u00e9couverte, et c&rsquo;est un nom qui devrait faire parler de lui.<\/p>\n<p style=\"text-align: center;\"><a href=\"https:\/\/www.lavisqteam.fr\/wp-content\/uploads\/2016\/01\/12490276_1220787101268030_1987501314_o.jpg\" rel=\"attachment wp-att-18391\"><img loading=\"lazy\" class=\"alignnone size-large wp-image-18391\" src=\"https:\/\/www.lavisqteam.fr\/wp-content\/uploads\/2016\/01\/12490276_1220787101268030_1987501314_o-1024x576.jpg\" alt=\"12490276_1220787101268030_1987501314_o\" width=\"600\" height=\"338\" srcset=\"https:\/\/www.lavisqteam.fr\/wp-content\/uploads\/2016\/01\/12490276_1220787101268030_1987501314_o-1024x576.jpg 1024w, https:\/\/www.lavisqteam.fr\/wp-content\/uploads\/2016\/01\/12490276_1220787101268030_1987501314_o-300x169.jpg 300w, https:\/\/www.lavisqteam.fr\/wp-content\/uploads\/2016\/01\/12490276_1220787101268030_1987501314_o-768x432.jpg 768w, https:\/\/www.lavisqteam.fr\/wp-content\/uploads\/2016\/01\/12490276_1220787101268030_1987501314_o.jpg 1520w\" sizes=\"(max-width: 600px) 100vw, 600px\" \/><\/a><\/p>\n<p>Au final, <em>Daniele Luchetti<\/em> a tr\u00e8s bien su g\u00e9rer et m\u00e9langer ses sujets et ce p\u00e8re, qui essaie de garder la t\u00eate haute, car il ne peut faire autrement. C&rsquo;est franchement dommage que le r\u00e9alisateur y ait rajout\u00e9 une intrigue de trop. Quoi qu&rsquo;il en soit, \u00ab\u00a0<strong>La Nostra Vita<\/strong>\u00a0\u00bb est un film \u00e0 voir, ne serait-ce que pour son acteur qui enrage int\u00e9rieurement et pour le traitement du deuil que le r\u00e9alisateur a parfaitement su mettre en sc\u00e8ne.<\/p>\n<p><strong>Note\u00a0: 16\/20<\/strong><\/p>\n<p style=\"text-align: center;\">[youtube]https:\/\/www.youtube.com\/watch?v=6HvQ-Vg_Dsk[\/youtube]<\/p>\n<p style=\"text-align: right;\">Par <strong>Cin\u00e9ted<\/strong><\/p>\n","protected":false},"excerpt":{"rendered":"<p>De\u00a0: Daniele Luchetti Avec Elio Germano, Raoul Bova, Isabella Ragonese, Luca Zingaretti Ann\u00e9e\u00a0: 2010 Pays\u00a0: Italie, France Genre\u00a0: Com\u00e9die R\u00e9sum\u00e9\u00a0: Claudio, ouvrier dans le b\u00e2timent, &hellip; <\/p>\n","protected":false},"author":1,"featured_media":0,"comment_status":"open","ping_status":"open","sticky":false,"template":"","format":"standard","meta":[],"categories":[1],"tags":[],"yoast_head":"<!-- This site is optimized with the Yoast SEO plugin v19.6.1 - https:\/\/yoast.com\/wordpress\/plugins\/seo\/ -->\n<title>La Nostra Vita - Lavisqteam.fr<\/title>\n<meta name=\"robots\" content=\"index, follow, max-snippet:-1, max-image-preview:large, max-video-preview:-1\" \/>\n<link rel=\"canonical\" href=\"https:\/\/www.lavisqteam.fr\/?p=18389\" \/>\n<meta property=\"og:locale\" content=\"fr_FR\" \/>\n<meta property=\"og:type\" content=\"article\" \/>\n<meta property=\"og:title\" content=\"La Nostra Vita - Lavisqteam.fr\" \/>\n<meta property=\"og:description\" content=\"De\u00a0: Daniele Luchetti Avec Elio Germano, Raoul Bova, Isabella Ragonese, Luca Zingaretti Ann\u00e9e\u00a0: 2010 Pays\u00a0: Italie, France Genre\u00a0: Com\u00e9die R\u00e9sum\u00e9\u00a0: Claudio, ouvrier dans le b\u00e2timent, &hellip;\" \/>\n<meta property=\"og:url\" content=\"https:\/\/www.lavisqteam.fr\/?p=18389\" \/>\n<meta property=\"og:site_name\" content=\"Lavisqteam.fr\" \/>\n<meta property=\"article:published_time\" content=\"2016-01-12T22:13:51+00:00\" \/>\n<meta property=\"og:image\" content=\"http:\/\/www.lavisqteam.fr\/wp-content\/uploads\/2016\/01\/12467730_1220787001268040_874886275_n.jpg\" \/>\n<meta name=\"author\" content=\"AqME\" \/>\n<meta name=\"twitter:card\" content=\"summary_large_image\" \/>\n<meta name=\"twitter:label1\" content=\"\u00c9crit par\" \/>\n\t<meta name=\"twitter:data1\" content=\"AqME\" \/>\n\t<meta name=\"twitter:label2\" content=\"Dur\u00e9e de lecture estim\u00e9e\" \/>\n\t<meta name=\"twitter:data2\" content=\"5 minutes\" \/>\n<script type=\"application\/ld+json\" class=\"yoast-schema-graph\">{\"@context\":\"https:\/\/schema.org\",\"@graph\":[{\"@type\":\"Article\",\"@id\":\"https:\/\/www.lavisqteam.fr\/?p=18389#article\",\"isPartOf\":{\"@id\":\"https:\/\/www.lavisqteam.fr\/?p=18389\"},\"author\":{\"name\":\"AqME\",\"@id\":\"https:\/\/www.lavisqteam.fr\/#\/schema\/person\/da11d7c30bf135b288b17cc576708c2d\"},\"headline\":\"La Nostra Vita\",\"datePublished\":\"2016-01-12T22:13:51+00:00\",\"dateModified\":\"2016-01-12T22:13:51+00:00\",\"mainEntityOfPage\":{\"@id\":\"https:\/\/www.lavisqteam.fr\/?p=18389\"},\"wordCount\":996,\"commentCount\":0,\"publisher\":{\"@id\":\"https:\/\/www.lavisqteam.fr\/#organization\"},\"articleSection\":[\"Uncategorized\"],\"inLanguage\":\"fr-FR\",\"potentialAction\":[{\"@type\":\"CommentAction\",\"name\":\"Comment\",\"target\":[\"https:\/\/www.lavisqteam.fr\/?p=18389#respond\"]}]},{\"@type\":\"WebPage\",\"@id\":\"https:\/\/www.lavisqteam.fr\/?p=18389\",\"url\":\"https:\/\/www.lavisqteam.fr\/?p=18389\",\"name\":\"La Nostra Vita - Lavisqteam.fr\",\"isPartOf\":{\"@id\":\"https:\/\/www.lavisqteam.fr\/#website\"},\"datePublished\":\"2016-01-12T22:13:51+00:00\",\"dateModified\":\"2016-01-12T22:13:51+00:00\",\"breadcrumb\":{\"@id\":\"https:\/\/www.lavisqteam.fr\/?p=18389#breadcrumb\"},\"inLanguage\":\"fr-FR\",\"potentialAction\":[{\"@type\":\"ReadAction\",\"target\":[\"https:\/\/www.lavisqteam.fr\/?p=18389\"]}]},{\"@type\":\"BreadcrumbList\",\"@id\":\"https:\/\/www.lavisqteam.fr\/?p=18389#breadcrumb\",\"itemListElement\":[{\"@type\":\"ListItem\",\"position\":1,\"name\":\"Accueil\",\"item\":\"https:\/\/www.lavisqteam.fr\/\"},{\"@type\":\"ListItem\",\"position\":2,\"name\":\"La Nostra Vita\"}]},{\"@type\":\"WebSite\",\"@id\":\"https:\/\/www.lavisqteam.fr\/#website\",\"url\":\"https:\/\/www.lavisqteam.fr\/\",\"name\":\"Lavisqteam.fr\",\"description\":\"\",\"publisher\":{\"@id\":\"https:\/\/www.lavisqteam.fr\/#organization\"},\"potentialAction\":[{\"@type\":\"SearchAction\",\"target\":{\"@type\":\"EntryPoint\",\"urlTemplate\":\"https:\/\/www.lavisqteam.fr\/?s={search_term_string}\"},\"query-input\":\"required name=search_term_string\"}],\"inLanguage\":\"fr-FR\"},{\"@type\":\"Organization\",\"@id\":\"https:\/\/www.lavisqteam.fr\/#organization\",\"name\":\"Lavisqteam.fr\",\"url\":\"https:\/\/www.lavisqteam.fr\/\",\"sameAs\":[],\"logo\":{\"@type\":\"ImageObject\",\"inLanguage\":\"fr-FR\",\"@id\":\"https:\/\/www.lavisqteam.fr\/#\/schema\/logo\/image\/\",\"url\":\"https:\/\/www.lavisqteam.fr\/wp-content\/uploads\/2020\/08\/cropped-80879545_3479261675449035_4078032831501041664_o-4.jpg\",\"contentUrl\":\"https:\/\/www.lavisqteam.fr\/wp-content\/uploads\/2020\/08\/cropped-80879545_3479261675449035_4078032831501041664_o-4.jpg\",\"width\":1674,\"height\":536,\"caption\":\"Lavisqteam.fr\"},\"image\":{\"@id\":\"https:\/\/www.lavisqteam.fr\/#\/schema\/logo\/image\/\"}},{\"@type\":\"Person\",\"@id\":\"https:\/\/www.lavisqteam.fr\/#\/schema\/person\/da11d7c30bf135b288b17cc576708c2d\",\"name\":\"AqME\",\"image\":{\"@type\":\"ImageObject\",\"inLanguage\":\"fr-FR\",\"@id\":\"https:\/\/www.lavisqteam.fr\/#\/schema\/person\/image\/\",\"url\":\"https:\/\/secure.gravatar.com\/avatar\/4a87d013fc854acd0f25858a13573675?s=96&d=mm&r=g\",\"contentUrl\":\"https:\/\/secure.gravatar.com\/avatar\/4a87d013fc854acd0f25858a13573675?s=96&d=mm&r=g\",\"caption\":\"AqME\"},\"description\":\"Amateur d'horreur, M\u00e9talleux dans l'\u00e2me, je succombe facilement \u00e0 des images de chatons.\",\"url\":\"https:\/\/www.lavisqteam.fr\/?author=1\"}]}<\/script>\n<!-- \/ Yoast SEO plugin. -->","yoast_head_json":{"title":"La Nostra Vita - Lavisqteam.fr","robots":{"index":"index","follow":"follow","max-snippet":"max-snippet:-1","max-image-preview":"max-image-preview:large","max-video-preview":"max-video-preview:-1"},"canonical":"https:\/\/www.lavisqteam.fr\/?p=18389","og_locale":"fr_FR","og_type":"article","og_title":"La Nostra Vita - Lavisqteam.fr","og_description":"De\u00a0: Daniele Luchetti Avec Elio Germano, Raoul Bova, Isabella Ragonese, Luca Zingaretti Ann\u00e9e\u00a0: 2010 Pays\u00a0: Italie, France Genre\u00a0: Com\u00e9die R\u00e9sum\u00e9\u00a0: Claudio, ouvrier dans le b\u00e2timent, &hellip;","og_url":"https:\/\/www.lavisqteam.fr\/?p=18389","og_site_name":"Lavisqteam.fr","article_published_time":"2016-01-12T22:13:51+00:00","og_image":[{"url":"http:\/\/www.lavisqteam.fr\/wp-content\/uploads\/2016\/01\/12467730_1220787001268040_874886275_n.jpg"}],"author":"AqME","twitter_card":"summary_large_image","twitter_misc":{"\u00c9crit par":"AqME","Dur\u00e9e de lecture estim\u00e9e":"5 minutes"},"schema":{"@context":"https:\/\/schema.org","@graph":[{"@type":"Article","@id":"https:\/\/www.lavisqteam.fr\/?p=18389#article","isPartOf":{"@id":"https:\/\/www.lavisqteam.fr\/?p=18389"},"author":{"name":"AqME","@id":"https:\/\/www.lavisqteam.fr\/#\/schema\/person\/da11d7c30bf135b288b17cc576708c2d"},"headline":"La Nostra Vita","datePublished":"2016-01-12T22:13:51+00:00","dateModified":"2016-01-12T22:13:51+00:00","mainEntityOfPage":{"@id":"https:\/\/www.lavisqteam.fr\/?p=18389"},"wordCount":996,"commentCount":0,"publisher":{"@id":"https:\/\/www.lavisqteam.fr\/#organization"},"articleSection":["Uncategorized"],"inLanguage":"fr-FR","potentialAction":[{"@type":"CommentAction","name":"Comment","target":["https:\/\/www.lavisqteam.fr\/?p=18389#respond"]}]},{"@type":"WebPage","@id":"https:\/\/www.lavisqteam.fr\/?p=18389","url":"https:\/\/www.lavisqteam.fr\/?p=18389","name":"La Nostra Vita - Lavisqteam.fr","isPartOf":{"@id":"https:\/\/www.lavisqteam.fr\/#website"},"datePublished":"2016-01-12T22:13:51+00:00","dateModified":"2016-01-12T22:13:51+00:00","breadcrumb":{"@id":"https:\/\/www.lavisqteam.fr\/?p=18389#breadcrumb"},"inLanguage":"fr-FR","potentialAction":[{"@type":"ReadAction","target":["https:\/\/www.lavisqteam.fr\/?p=18389"]}]},{"@type":"BreadcrumbList","@id":"https:\/\/www.lavisqteam.fr\/?p=18389#breadcrumb","itemListElement":[{"@type":"ListItem","position":1,"name":"Accueil","item":"https:\/\/www.lavisqteam.fr\/"},{"@type":"ListItem","position":2,"name":"La Nostra Vita"}]},{"@type":"WebSite","@id":"https:\/\/www.lavisqteam.fr\/#website","url":"https:\/\/www.lavisqteam.fr\/","name":"Lavisqteam.fr","description":"","publisher":{"@id":"https:\/\/www.lavisqteam.fr\/#organization"},"potentialAction":[{"@type":"SearchAction","target":{"@type":"EntryPoint","urlTemplate":"https:\/\/www.lavisqteam.fr\/?s={search_term_string}"},"query-input":"required name=search_term_string"}],"inLanguage":"fr-FR"},{"@type":"Organization","@id":"https:\/\/www.lavisqteam.fr\/#organization","name":"Lavisqteam.fr","url":"https:\/\/www.lavisqteam.fr\/","sameAs":[],"logo":{"@type":"ImageObject","inLanguage":"fr-FR","@id":"https:\/\/www.lavisqteam.fr\/#\/schema\/logo\/image\/","url":"https:\/\/www.lavisqteam.fr\/wp-content\/uploads\/2020\/08\/cropped-80879545_3479261675449035_4078032831501041664_o-4.jpg","contentUrl":"https:\/\/www.lavisqteam.fr\/wp-content\/uploads\/2020\/08\/cropped-80879545_3479261675449035_4078032831501041664_o-4.jpg","width":1674,"height":536,"caption":"Lavisqteam.fr"},"image":{"@id":"https:\/\/www.lavisqteam.fr\/#\/schema\/logo\/image\/"}},{"@type":"Person","@id":"https:\/\/www.lavisqteam.fr\/#\/schema\/person\/da11d7c30bf135b288b17cc576708c2d","name":"AqME","image":{"@type":"ImageObject","inLanguage":"fr-FR","@id":"https:\/\/www.lavisqteam.fr\/#\/schema\/person\/image\/","url":"https:\/\/secure.gravatar.com\/avatar\/4a87d013fc854acd0f25858a13573675?s=96&d=mm&r=g","contentUrl":"https:\/\/secure.gravatar.com\/avatar\/4a87d013fc854acd0f25858a13573675?s=96&d=mm&r=g","caption":"AqME"},"description":"Amateur d'horreur, M\u00e9talleux dans l'\u00e2me, je succombe facilement \u00e0 des images de chatons.","url":"https:\/\/www.lavisqteam.fr\/?author=1"}]}},"jetpack_featured_media_url":"","_links":{"self":[{"href":"https:\/\/www.lavisqteam.fr\/index.php?rest_route=\/wp\/v2\/posts\/18389"}],"collection":[{"href":"https:\/\/www.lavisqteam.fr\/index.php?rest_route=\/wp\/v2\/posts"}],"about":[{"href":"https:\/\/www.lavisqteam.fr\/index.php?rest_route=\/wp\/v2\/types\/post"}],"author":[{"embeddable":true,"href":"https:\/\/www.lavisqteam.fr\/index.php?rest_route=\/wp\/v2\/users\/1"}],"replies":[{"embeddable":true,"href":"https:\/\/www.lavisqteam.fr\/index.php?rest_route=%2Fwp%2Fv2%2Fcomments&post=18389"}],"version-history":[{"count":1,"href":"https:\/\/www.lavisqteam.fr\/index.php?rest_route=\/wp\/v2\/posts\/18389\/revisions"}],"predecessor-version":[{"id":18393,"href":"https:\/\/www.lavisqteam.fr\/index.php?rest_route=\/wp\/v2\/posts\/18389\/revisions\/18393"}],"wp:attachment":[{"href":"https:\/\/www.lavisqteam.fr\/index.php?rest_route=%2Fwp%2Fv2%2Fmedia&parent=18389"}],"wp:term":[{"taxonomy":"category","embeddable":true,"href":"https:\/\/www.lavisqteam.fr\/index.php?rest_route=%2Fwp%2Fv2%2Fcategories&post=18389"},{"taxonomy":"post_tag","embeddable":true,"href":"https:\/\/www.lavisqteam.fr\/index.php?rest_route=%2Fwp%2Fv2%2Ftags&post=18389"}],"curies":[{"name":"wp","href":"https:\/\/api.w.org\/{rel}","templated":true}]}}