{"id":17277,"date":"2015-10-24T18:41:40","date_gmt":"2015-10-24T18:41:40","guid":{"rendered":"http:\/\/www.lavisqteam.fr\/?p=17277"},"modified":"2015-10-24T18:41:40","modified_gmt":"2015-10-24T18:41:40","slug":"le-spectre-de-frankenstein-brain-change","status":"publish","type":"post","link":"https:\/\/www.lavisqteam.fr\/?p=17277","title":{"rendered":"Le Spectre de Frankenstein &#8211; Brain Change"},"content":{"rendered":"<p style=\"text-align: center;\"><a href=\"https:\/\/www.lavisqteam.fr\/wp-content\/uploads\/2015\/10\/2d_le_spectre_de_frankenstein_640_457.jpg\"><img loading=\"lazy\" class=\"alignnone size-full wp-image-17278\" src=\"https:\/\/www.lavisqteam.fr\/wp-content\/uploads\/2015\/10\/2d_le_spectre_de_frankenstein_640_457.jpg\" alt=\"2d_le_spectre_de_frankenstein_640_457\" width=\"457\" height=\"640\" srcset=\"https:\/\/www.lavisqteam.fr\/wp-content\/uploads\/2015\/10\/2d_le_spectre_de_frankenstein_640_457.jpg 457w, https:\/\/www.lavisqteam.fr\/wp-content\/uploads\/2015\/10\/2d_le_spectre_de_frankenstein_640_457-214x300.jpg 214w\" sizes=\"(max-width: 457px) 100vw, 457px\" \/><\/a><\/p>\n<p><strong>Titre Original\u00a0: <\/strong>The Ghost of Frankenstein<\/p>\n<p><strong>De: <\/strong>Erle C. Kenton<\/p>\n<p><strong>Avec <\/strong>Lon Chaney, Bela Lugosi, Cedric Hardwicke, Ralph Bellamy<\/p>\n<p><strong>Ann\u00e9e\u00a0: <\/strong>1942<\/p>\n<p><strong>Pays\u00a0: <\/strong>Etats-Unis<\/p>\n<p><strong>Genre\u00a0: <\/strong>Horreur<\/p>\n<p><strong>R\u00e9sum\u00e9\u00a0:<\/strong><\/p>\n<p>Ygor, pr\u00eat \u00e0 ressusciter le monstre, demande au fils du Dr Frankenstein de l&rsquo;aider dans son \u0153uvre&#8230;<\/p>\n<p><strong>Avis\u00a0:<\/strong><\/p>\n<p>Apr\u00e8s avoir terroris\u00e9 son village et son cr\u00e9ateur, apr\u00e8s avoir essay\u00e9 d\u2019avoir une fianc\u00e9e, puis apr\u00e8s avoir emb\u00eat\u00e9 le fils du docteur Frankenstein, ainsi que son petit-fils, Frankenstein revient de plus belle dans une quatri\u00e8me aventure, bien plus courte que les autres, certainement moins inspir\u00e9e. Il faut dire qu\u2019il devient difficile de trouver des sc\u00e9narios qui tiennent la route apr\u00e8s avoir d\u00e9zingu\u00e9 une paire de fois le plus c\u00e9l\u00e8bre monstre construit par l\u2019homme. Cependant, si le troisi\u00e8me opus pouvait trouver une l\u00e9gitimit\u00e9, il est plus complexe d\u2019\u00e9tablir ce constat avec ce quatri\u00e8me film qui lorgne plus vers la note d\u2019intention que vers le vrai essai filmique apportant quelque chose de plus dans l\u2019univers du monstre au boulon dans le cou. Mais remettre au gout du jour ces films d\u2019horreur de l\u2019\u00e2ge d\u2019or d\u2019Universal est plut\u00f4t une bonne chose car non seulement cela montre l\u2019\u00e9volution dans la mythologie d\u2019un monstre, mais aussi sa d\u00e9ch\u00e9ance, le menant vers des films qui accumuleront au fur et \u00e0 mesure des situations de plus en plus loufoques et grotesques. <strong>Le Spectre de Frankenstein<\/strong> n\u2019\u00e9chappe pas \u00e0 la r\u00e8gle de la suite de trop, tout en gardant un c\u00f4t\u00e9 vintage super agr\u00e9able.<\/p>\n<p style=\"text-align: center;\"><a href=\"https:\/\/www.lavisqteam.fr\/wp-content\/uploads\/2015\/10\/photo_3_le_spectre_de_frankenstein_640_457.jpg\"><img loading=\"lazy\" class=\"alignnone size-full wp-image-17280\" src=\"https:\/\/www.lavisqteam.fr\/wp-content\/uploads\/2015\/10\/photo_3_le_spectre_de_frankenstein_640_457.jpg\" alt=\"photo_3_le_spectre_de_frankenstein_640_457\" width=\"640\" height=\"457\" srcset=\"https:\/\/www.lavisqteam.fr\/wp-content\/uploads\/2015\/10\/photo_3_le_spectre_de_frankenstein_640_457.jpg 640w, https:\/\/www.lavisqteam.fr\/wp-content\/uploads\/2015\/10\/photo_3_le_spectre_de_frankenstein_640_457-300x214.jpg 300w\" sizes=\"(max-width: 640px) 100vw, 640px\" \/><\/a><\/p>\n<p>Apr\u00e8s \u00eatre tomb\u00e9 dans une cuve de soufre et Ygor abattu par le fils du docteur Frankenstein, les villageois restent hant\u00e9s par le ch\u00e2teau et son ombre. Mais alors que tout le village se rend au ch\u00e2teau pour le d\u00e9truire, ils se rendent compte qu\u2019Ygor est toujours en vie. Chass\u00e9, il retrouve la cr\u00e9ature vivante mais affaiblie dans une croute de soufre. Ygor d\u00e9cide alors de se rendre \u00e0 l\u2019h\u00f4pital du deuxi\u00e8me fils du docteur Frankenstein pour qu\u2019il puisse rendre la fougue d\u2019antan \u00e0 la cr\u00e9ature. Sur place Ygor va comprendre que le docteur fait des \u00e9tudes sur le cerveau et qu\u2019il peut transf\u00e9rer un cerveau tout neuf dans la t\u00eate de Frankenstein.<\/p>\n<p>Le probl\u00e8me avec ce film, c\u2019est qu\u2019il accumule les grossi\u00e8ret\u00e9s au niveau du sc\u00e9nario. Faire rena\u00eetre la cr\u00e9ature tient d\u00e9j\u00e0 du miracle, mais en plus la faire escorter par Ygor sans se faire rep\u00e9rer dans un autre bled, cela rel\u00e8ve de l\u2019exploit. La r\u00e9alisation, quant \u00e0 elle, reste assez basique et beaucoup moins int\u00e9ressante que pour les autres opus. Le gothique n\u2019est plus, mais le travail sur les ombres et la d\u00e9mesure de certains \u00e9l\u00e9ments du d\u00e9cor ont disparu. Le film reste tr\u00e8s basique sur son fond, comme sur sa forme, et c\u2019est bien dommage, parce que certaines id\u00e9es \u00e9taient plut\u00f4t bonnes. Certes, on n\u2019\u00e9voquera pas l\u2019improbabilit\u00e9 du changement de cerveau, qui pr\u00eate plut\u00f4t \u00e0 sourire aujourd\u2019hui, mais d\u2019autres moments se r\u00e9v\u00e8lent plaisants.<\/p>\n<p>Tout d\u2019abord, le rythme du film est plus relev\u00e9 que dans les autres opus. Il faut dire qu\u2019il est tr\u00e8s court, \u00e0 peine un poil plus d\u2019une heure, mais cela suffit, surtout pour remettre des personnages que l\u2019on connait d\u00e9j\u00e0. Le moment le plus int\u00e9ressant est s\u00fbrement lorsque Frankenstein d\u00e9cide d\u2019aider une jeune fille \u00e0 r\u00e9cup\u00e9rer son ballon sur un toit. <em>Erle C. Kenton<\/em> arrive \u00e0 donner de l\u2019\u00e9motion \u00e0 ce monstre et propose une vision int\u00e9ressante de la monstruosit\u00e9 qui est finalement celle de l\u2019homme face \u00e0 la diff\u00e9rence. On est proche du r\u00e9cit de base du zombie, mais remis dans un contexte diff\u00e9rent, aussi bien d\u2019\u00e9poque que de style. Cet axe est aussi tr\u00e8s travaill\u00e9 avec Ygor, \u00eatre humain difforme qui fait faire des saloperies \u00e0 la cr\u00e9ature et qui une fois de plus se retrouve \u00eatre le vrai m\u00e9chant de l\u2019histoire. Si on tourne un peu en rond dans ce domaine, cela reste bien fait et plut\u00f4t bien vu. Enfin, dernier axe, la cupidit\u00e9 qui se rapporte ici \u00e0 l\u2019assistant du docteur. En effet, il est pr\u00eat \u00e0 remplacer le cerveau de Frankenstein (qui, rappelons-le a le cerveau d\u2019un tueur) par celui d\u2019Ygor pour que celui-ci devienne le ma\u00eetre du monde et lui en donne une part. M\u00eame si cela est grossier, il est assez int\u00e9ressant de voir, \u00e0 cette \u00e9poque, ce th\u00e8me abord\u00e9.<\/p>\n<p>Seulement, le film se fourvoie dans son dernier axe. Alors que le film s\u2019est donn\u00e9 beaucoup de mal \u00e0 montrer une cr\u00e9ature touchante et innocente, ne se rendant pas compte du mal qu\u2019elle fait, la fin reste peu coh\u00e9rente, puisque la cr\u00e9ature veut le cerveau d\u2019une petite fille qu\u2019elle prend en otage. Certes, on peut comprendre sa recherche de l\u2019innocence, et quoi de mieux qu\u2019un enfant pour symboliser cela, mais la cr\u00e9ature comprend que cela implique de la tuer et elle n\u2019en a que faire. Le sc\u00e9nario se tire une balle dans le pied, montrant finalement que le monstre est vraiment un monstre, ce qui est dommage.<\/p>\n<p style=\"text-align: center;\"><a href=\"https:\/\/www.lavisqteam.fr\/wp-content\/uploads\/2015\/10\/spectre-de-frankenstein-1942-11-g.jpg\"><img loading=\"lazy\" class=\"alignnone size-large wp-image-17279\" src=\"https:\/\/www.lavisqteam.fr\/wp-content\/uploads\/2015\/10\/spectre-de-frankenstein-1942-11-g-1024x785.jpg\" alt=\"spectre-de-frankenstein-1942-11-g\" width=\"600\" height=\"460\" srcset=\"https:\/\/www.lavisqteam.fr\/wp-content\/uploads\/2015\/10\/spectre-de-frankenstein-1942-11-g-1024x785.jpg 1024w, https:\/\/www.lavisqteam.fr\/wp-content\/uploads\/2015\/10\/spectre-de-frankenstein-1942-11-g-300x230.jpg 300w, https:\/\/www.lavisqteam.fr\/wp-content\/uploads\/2015\/10\/spectre-de-frankenstein-1942-11-g.jpg 1200w\" sizes=\"(max-width: 600px) 100vw, 600px\" \/><\/a><\/p>\n<p>Au final, <strong>Le Spectre de Frankenstein<\/strong> ne d\u00e9passe pas vraiment son statut de note d\u2019intention pour remettre devant une cam\u00e9ra la cr\u00e9ature de Frankenstein. Tr\u00e8s court, tr\u00e8s souvent loufoque et avec une fin qui se rate compl\u00e8tement, le film ne restera pas dans les annale du cin\u00e9ma repr\u00e9sentant la cr\u00e9ature. N\u00e9anmoins, on peut y voir une certaine all\u00e9gorie sur la nature humaine, qui est finalement plus monstrueuse que le monstre.<\/p>\n<p><strong>Note\u00a0: 12\/20<\/strong><\/p>\n<p style=\"text-align: center;\">[youtube]https:\/\/www.youtube.com\/watch?v=Jxtn5mwnMiM[\/youtube]<\/p>\n<p style=\"text-align: right;\">Par <strong>AqME<\/strong><\/p>\n","protected":false},"excerpt":{"rendered":"<p>Titre Original\u00a0: The Ghost of Frankenstein De: Erle C. Kenton Avec Lon Chaney, Bela Lugosi, Cedric Hardwicke, Ralph Bellamy Ann\u00e9e\u00a0: 1942 Pays\u00a0: Etats-Unis Genre\u00a0: Horreur &hellip; <\/p>\n","protected":false},"author":1,"featured_media":0,"comment_status":"open","ping_status":"open","sticky":false,"template":"","format":"standard","meta":[],"categories":[1],"tags":[],"yoast_head":"<!-- This site is optimized with the Yoast SEO plugin v19.6.1 - https:\/\/yoast.com\/wordpress\/plugins\/seo\/ -->\n<title>Le Spectre de Frankenstein - Brain Change - Lavisqteam.fr<\/title>\n<meta name=\"robots\" content=\"index, follow, max-snippet:-1, max-image-preview:large, max-video-preview:-1\" \/>\n<link rel=\"canonical\" href=\"https:\/\/www.lavisqteam.fr\/?p=17277\" \/>\n<meta property=\"og:locale\" content=\"fr_FR\" \/>\n<meta property=\"og:type\" content=\"article\" \/>\n<meta property=\"og:title\" content=\"Le Spectre de Frankenstein - Brain Change - Lavisqteam.fr\" \/>\n<meta property=\"og:description\" content=\"Titre Original\u00a0: The Ghost of Frankenstein De: Erle C. Kenton Avec Lon Chaney, Bela Lugosi, Cedric Hardwicke, Ralph Bellamy Ann\u00e9e\u00a0: 1942 Pays\u00a0: Etats-Unis Genre\u00a0: Horreur &hellip;\" \/>\n<meta property=\"og:url\" content=\"https:\/\/www.lavisqteam.fr\/?p=17277\" \/>\n<meta property=\"og:site_name\" content=\"Lavisqteam.fr\" \/>\n<meta property=\"article:published_time\" content=\"2015-10-24T18:41:40+00:00\" \/>\n<meta property=\"og:image\" content=\"http:\/\/www.lavisqteam.fr\/wp-content\/uploads\/2015\/10\/2d_le_spectre_de_frankenstein_640_457.jpg\" \/>\n<meta name=\"author\" content=\"AqME\" \/>\n<meta name=\"twitter:card\" content=\"summary_large_image\" \/>\n<meta name=\"twitter:label1\" content=\"\u00c9crit par\" \/>\n\t<meta name=\"twitter:data1\" content=\"AqME\" \/>\n\t<meta name=\"twitter:label2\" content=\"Dur\u00e9e de lecture estim\u00e9e\" \/>\n\t<meta name=\"twitter:data2\" content=\"5 minutes\" \/>\n<script type=\"application\/ld+json\" class=\"yoast-schema-graph\">{\"@context\":\"https:\/\/schema.org\",\"@graph\":[{\"@type\":\"Article\",\"@id\":\"https:\/\/www.lavisqteam.fr\/?p=17277#article\",\"isPartOf\":{\"@id\":\"https:\/\/www.lavisqteam.fr\/?p=17277\"},\"author\":{\"name\":\"AqME\",\"@id\":\"https:\/\/www.lavisqteam.fr\/#\/schema\/person\/da11d7c30bf135b288b17cc576708c2d\"},\"headline\":\"Le Spectre de Frankenstein &#8211; Brain Change\",\"datePublished\":\"2015-10-24T18:41:40+00:00\",\"dateModified\":\"2015-10-24T18:41:40+00:00\",\"mainEntityOfPage\":{\"@id\":\"https:\/\/www.lavisqteam.fr\/?p=17277\"},\"wordCount\":1023,\"commentCount\":0,\"publisher\":{\"@id\":\"https:\/\/www.lavisqteam.fr\/#organization\"},\"articleSection\":[\"Uncategorized\"],\"inLanguage\":\"fr-FR\",\"potentialAction\":[{\"@type\":\"CommentAction\",\"name\":\"Comment\",\"target\":[\"https:\/\/www.lavisqteam.fr\/?p=17277#respond\"]}]},{\"@type\":\"WebPage\",\"@id\":\"https:\/\/www.lavisqteam.fr\/?p=17277\",\"url\":\"https:\/\/www.lavisqteam.fr\/?p=17277\",\"name\":\"Le Spectre de Frankenstein - Brain Change - Lavisqteam.fr\",\"isPartOf\":{\"@id\":\"https:\/\/www.lavisqteam.fr\/#website\"},\"datePublished\":\"2015-10-24T18:41:40+00:00\",\"dateModified\":\"2015-10-24T18:41:40+00:00\",\"breadcrumb\":{\"@id\":\"https:\/\/www.lavisqteam.fr\/?p=17277#breadcrumb\"},\"inLanguage\":\"fr-FR\",\"potentialAction\":[{\"@type\":\"ReadAction\",\"target\":[\"https:\/\/www.lavisqteam.fr\/?p=17277\"]}]},{\"@type\":\"BreadcrumbList\",\"@id\":\"https:\/\/www.lavisqteam.fr\/?p=17277#breadcrumb\",\"itemListElement\":[{\"@type\":\"ListItem\",\"position\":1,\"name\":\"Accueil\",\"item\":\"https:\/\/www.lavisqteam.fr\/\"},{\"@type\":\"ListItem\",\"position\":2,\"name\":\"Le Spectre de Frankenstein &#8211; Brain Change\"}]},{\"@type\":\"WebSite\",\"@id\":\"https:\/\/www.lavisqteam.fr\/#website\",\"url\":\"https:\/\/www.lavisqteam.fr\/\",\"name\":\"Lavisqteam.fr\",\"description\":\"\",\"publisher\":{\"@id\":\"https:\/\/www.lavisqteam.fr\/#organization\"},\"potentialAction\":[{\"@type\":\"SearchAction\",\"target\":{\"@type\":\"EntryPoint\",\"urlTemplate\":\"https:\/\/www.lavisqteam.fr\/?s={search_term_string}\"},\"query-input\":\"required name=search_term_string\"}],\"inLanguage\":\"fr-FR\"},{\"@type\":\"Organization\",\"@id\":\"https:\/\/www.lavisqteam.fr\/#organization\",\"name\":\"Lavisqteam.fr\",\"url\":\"https:\/\/www.lavisqteam.fr\/\",\"sameAs\":[],\"logo\":{\"@type\":\"ImageObject\",\"inLanguage\":\"fr-FR\",\"@id\":\"https:\/\/www.lavisqteam.fr\/#\/schema\/logo\/image\/\",\"url\":\"https:\/\/www.lavisqteam.fr\/wp-content\/uploads\/2020\/08\/cropped-80879545_3479261675449035_4078032831501041664_o-4.jpg\",\"contentUrl\":\"https:\/\/www.lavisqteam.fr\/wp-content\/uploads\/2020\/08\/cropped-80879545_3479261675449035_4078032831501041664_o-4.jpg\",\"width\":1674,\"height\":536,\"caption\":\"Lavisqteam.fr\"},\"image\":{\"@id\":\"https:\/\/www.lavisqteam.fr\/#\/schema\/logo\/image\/\"}},{\"@type\":\"Person\",\"@id\":\"https:\/\/www.lavisqteam.fr\/#\/schema\/person\/da11d7c30bf135b288b17cc576708c2d\",\"name\":\"AqME\",\"image\":{\"@type\":\"ImageObject\",\"inLanguage\":\"fr-FR\",\"@id\":\"https:\/\/www.lavisqteam.fr\/#\/schema\/person\/image\/\",\"url\":\"https:\/\/secure.gravatar.com\/avatar\/4a87d013fc854acd0f25858a13573675?s=96&d=mm&r=g\",\"contentUrl\":\"https:\/\/secure.gravatar.com\/avatar\/4a87d013fc854acd0f25858a13573675?s=96&d=mm&r=g\",\"caption\":\"AqME\"},\"description\":\"Amateur d'horreur, M\u00e9talleux dans l'\u00e2me, je succombe facilement \u00e0 des images de chatons.\",\"url\":\"https:\/\/www.lavisqteam.fr\/?author=1\"}]}<\/script>\n<!-- \/ Yoast SEO plugin. -->","yoast_head_json":{"title":"Le Spectre de Frankenstein - Brain Change - Lavisqteam.fr","robots":{"index":"index","follow":"follow","max-snippet":"max-snippet:-1","max-image-preview":"max-image-preview:large","max-video-preview":"max-video-preview:-1"},"canonical":"https:\/\/www.lavisqteam.fr\/?p=17277","og_locale":"fr_FR","og_type":"article","og_title":"Le Spectre de Frankenstein - Brain Change - Lavisqteam.fr","og_description":"Titre Original\u00a0: The Ghost of Frankenstein De: Erle C. Kenton Avec Lon Chaney, Bela Lugosi, Cedric Hardwicke, Ralph Bellamy Ann\u00e9e\u00a0: 1942 Pays\u00a0: Etats-Unis Genre\u00a0: Horreur &hellip;","og_url":"https:\/\/www.lavisqteam.fr\/?p=17277","og_site_name":"Lavisqteam.fr","article_published_time":"2015-10-24T18:41:40+00:00","og_image":[{"url":"http:\/\/www.lavisqteam.fr\/wp-content\/uploads\/2015\/10\/2d_le_spectre_de_frankenstein_640_457.jpg"}],"author":"AqME","twitter_card":"summary_large_image","twitter_misc":{"\u00c9crit par":"AqME","Dur\u00e9e de lecture estim\u00e9e":"5 minutes"},"schema":{"@context":"https:\/\/schema.org","@graph":[{"@type":"Article","@id":"https:\/\/www.lavisqteam.fr\/?p=17277#article","isPartOf":{"@id":"https:\/\/www.lavisqteam.fr\/?p=17277"},"author":{"name":"AqME","@id":"https:\/\/www.lavisqteam.fr\/#\/schema\/person\/da11d7c30bf135b288b17cc576708c2d"},"headline":"Le Spectre de Frankenstein &#8211; Brain Change","datePublished":"2015-10-24T18:41:40+00:00","dateModified":"2015-10-24T18:41:40+00:00","mainEntityOfPage":{"@id":"https:\/\/www.lavisqteam.fr\/?p=17277"},"wordCount":1023,"commentCount":0,"publisher":{"@id":"https:\/\/www.lavisqteam.fr\/#organization"},"articleSection":["Uncategorized"],"inLanguage":"fr-FR","potentialAction":[{"@type":"CommentAction","name":"Comment","target":["https:\/\/www.lavisqteam.fr\/?p=17277#respond"]}]},{"@type":"WebPage","@id":"https:\/\/www.lavisqteam.fr\/?p=17277","url":"https:\/\/www.lavisqteam.fr\/?p=17277","name":"Le Spectre de Frankenstein - Brain Change - Lavisqteam.fr","isPartOf":{"@id":"https:\/\/www.lavisqteam.fr\/#website"},"datePublished":"2015-10-24T18:41:40+00:00","dateModified":"2015-10-24T18:41:40+00:00","breadcrumb":{"@id":"https:\/\/www.lavisqteam.fr\/?p=17277#breadcrumb"},"inLanguage":"fr-FR","potentialAction":[{"@type":"ReadAction","target":["https:\/\/www.lavisqteam.fr\/?p=17277"]}]},{"@type":"BreadcrumbList","@id":"https:\/\/www.lavisqteam.fr\/?p=17277#breadcrumb","itemListElement":[{"@type":"ListItem","position":1,"name":"Accueil","item":"https:\/\/www.lavisqteam.fr\/"},{"@type":"ListItem","position":2,"name":"Le Spectre de Frankenstein &#8211; Brain Change"}]},{"@type":"WebSite","@id":"https:\/\/www.lavisqteam.fr\/#website","url":"https:\/\/www.lavisqteam.fr\/","name":"Lavisqteam.fr","description":"","publisher":{"@id":"https:\/\/www.lavisqteam.fr\/#organization"},"potentialAction":[{"@type":"SearchAction","target":{"@type":"EntryPoint","urlTemplate":"https:\/\/www.lavisqteam.fr\/?s={search_term_string}"},"query-input":"required name=search_term_string"}],"inLanguage":"fr-FR"},{"@type":"Organization","@id":"https:\/\/www.lavisqteam.fr\/#organization","name":"Lavisqteam.fr","url":"https:\/\/www.lavisqteam.fr\/","sameAs":[],"logo":{"@type":"ImageObject","inLanguage":"fr-FR","@id":"https:\/\/www.lavisqteam.fr\/#\/schema\/logo\/image\/","url":"https:\/\/www.lavisqteam.fr\/wp-content\/uploads\/2020\/08\/cropped-80879545_3479261675449035_4078032831501041664_o-4.jpg","contentUrl":"https:\/\/www.lavisqteam.fr\/wp-content\/uploads\/2020\/08\/cropped-80879545_3479261675449035_4078032831501041664_o-4.jpg","width":1674,"height":536,"caption":"Lavisqteam.fr"},"image":{"@id":"https:\/\/www.lavisqteam.fr\/#\/schema\/logo\/image\/"}},{"@type":"Person","@id":"https:\/\/www.lavisqteam.fr\/#\/schema\/person\/da11d7c30bf135b288b17cc576708c2d","name":"AqME","image":{"@type":"ImageObject","inLanguage":"fr-FR","@id":"https:\/\/www.lavisqteam.fr\/#\/schema\/person\/image\/","url":"https:\/\/secure.gravatar.com\/avatar\/4a87d013fc854acd0f25858a13573675?s=96&d=mm&r=g","contentUrl":"https:\/\/secure.gravatar.com\/avatar\/4a87d013fc854acd0f25858a13573675?s=96&d=mm&r=g","caption":"AqME"},"description":"Amateur d'horreur, M\u00e9talleux dans l'\u00e2me, je succombe facilement \u00e0 des images de chatons.","url":"https:\/\/www.lavisqteam.fr\/?author=1"}]}},"jetpack_featured_media_url":"","_links":{"self":[{"href":"https:\/\/www.lavisqteam.fr\/index.php?rest_route=\/wp\/v2\/posts\/17277"}],"collection":[{"href":"https:\/\/www.lavisqteam.fr\/index.php?rest_route=\/wp\/v2\/posts"}],"about":[{"href":"https:\/\/www.lavisqteam.fr\/index.php?rest_route=\/wp\/v2\/types\/post"}],"author":[{"embeddable":true,"href":"https:\/\/www.lavisqteam.fr\/index.php?rest_route=\/wp\/v2\/users\/1"}],"replies":[{"embeddable":true,"href":"https:\/\/www.lavisqteam.fr\/index.php?rest_route=%2Fwp%2Fv2%2Fcomments&post=17277"}],"version-history":[{"count":1,"href":"https:\/\/www.lavisqteam.fr\/index.php?rest_route=\/wp\/v2\/posts\/17277\/revisions"}],"predecessor-version":[{"id":17281,"href":"https:\/\/www.lavisqteam.fr\/index.php?rest_route=\/wp\/v2\/posts\/17277\/revisions\/17281"}],"wp:attachment":[{"href":"https:\/\/www.lavisqteam.fr\/index.php?rest_route=%2Fwp%2Fv2%2Fmedia&parent=17277"}],"wp:term":[{"taxonomy":"category","embeddable":true,"href":"https:\/\/www.lavisqteam.fr\/index.php?rest_route=%2Fwp%2Fv2%2Fcategories&post=17277"},{"taxonomy":"post_tag","embeddable":true,"href":"https:\/\/www.lavisqteam.fr\/index.php?rest_route=%2Fwp%2Fv2%2Ftags&post=17277"}],"curies":[{"name":"wp","href":"https:\/\/api.w.org\/{rel}","templated":true}]}}