{"id":16678,"date":"2015-09-16T19:14:41","date_gmt":"2015-09-16T19:14:41","guid":{"rendered":"http:\/\/www.lavisqteam.fr\/?p=16678"},"modified":"2015-09-16T19:14:41","modified_gmt":"2015-09-16T19:14:41","slug":"janis","status":"publish","type":"post","link":"https:\/\/www.lavisqteam.fr\/?p=16678","title":{"rendered":"Janis"},"content":{"rendered":"<p style=\"text-align: center;\"><a href=\"https:\/\/www.lavisqteam.fr\/wp-content\/uploads\/2015\/09\/11995695_1159808520699222_1357374683_n.jpg\"><img loading=\"lazy\" class=\"alignnone size-full wp-image-16679\" src=\"https:\/\/www.lavisqteam.fr\/wp-content\/uploads\/2015\/09\/11995695_1159808520699222_1357374683_n.jpg\" alt=\"11995695_1159808520699222_1357374683_n\" width=\"600\" height=\"387\" srcset=\"https:\/\/www.lavisqteam.fr\/wp-content\/uploads\/2015\/09\/11995695_1159808520699222_1357374683_n.jpg 600w, https:\/\/www.lavisqteam.fr\/wp-content\/uploads\/2015\/09\/11995695_1159808520699222_1357374683_n-300x194.jpg 300w\" sizes=\"(max-width: 600px) 100vw, 600px\" \/><\/a><\/p>\n<p><strong>Titre Original\u00a0: <\/strong>Janis\u00a0: Little Girl Blue<\/p>\n<p><strong>De: <\/strong>Amy Berg<\/p>\n<p><strong>Avec <\/strong>Janis Joplin, Cat Power<\/p>\n<p><strong>Ann\u00e9e\u00a0: <\/strong>2015<\/p>\n<p><strong>Pays\u00a0: <\/strong>Etats-Unis<\/p>\n<p><strong>Genre\u00a0: <\/strong>Documentaire<\/p>\n<p><strong>R\u00e9sum\u00e9\u00a0:<\/strong><\/p>\n<p>Janis Joplin \u00e9tait une rock star et une d\u00e9esse de la musique, mais pas que&#8230; Ce film d\u00e9pouille le personnage rock&rsquo;n&rsquo;roll qu&rsquo;\u00e9tait Janis mais r\u00e9v\u00e8le aussi la douce, fiable, sensible et puissante femme derri\u00e8re la l\u00e9gende. L&rsquo;incroyable histoire d&rsquo;une \u00e9pique, turbulente et courte vie qui changea la musique pour toujours.<\/p>\n<p><strong>Avis\u00a0:<\/strong><\/p>\n<p><em>Amy Berg<\/em> est une r\u00e9alisatrice qui s\u2019int\u00e9resse aux documentaires. En 2008, elle avait pr\u00e9sent\u00e9 \u00ab\u00a0<strong>D\u00e9livrez-nous du mal<\/strong>\u00ab\u00a0, un documentaire sur <em>Oliver O&rsquo;Grady<\/em>, l&rsquo;un des pr\u00eatres les plus tristement connus de l&rsquo;histoire du catholicisme. La r\u00e9alisatrice y narrait le parcours de cet homme qui durant plus d&rsquo;une vingtaine d&rsquo;ann\u00e9es a jou\u00e9 de son pouvoir pour parvenir \u00e0 ses fins.<\/p>\n<p>Le festival de Deauville, ce n&rsquo;est pas que des \u00ab\u00a0films\u00a0\u00bb. Si on a la comp\u00e9tition et les avant-premi\u00e8res, le festival a aussi une s\u00e9lection appel\u00e9e \u00ab\u00a0<strong>Les docs de l&rsquo;Oncle Sam<\/strong>\u00a0\u00bb et c&rsquo;est dans ce cadre que l\u2019on peut d\u00e9couvrir en avant-premi\u00e8re ce documentaire qui retrace la vie de <strong>Janis Joplin<\/strong>, chanteuse c\u00e9l\u00e8bre pour avoir ouvert en quelque sorte la route du Rock&rsquo;n&rsquo;roll aux femmes.<\/p>\n<p style=\"text-align: center;\"><a href=\"https:\/\/www.lavisqteam.fr\/wp-content\/uploads\/2015\/09\/11922005_1159808690699205_1595718352_n.jpg\"><img loading=\"lazy\" class=\"alignnone  wp-image-16681\" src=\"https:\/\/www.lavisqteam.fr\/wp-content\/uploads\/2015\/09\/11922005_1159808690699205_1595718352_n.jpg\" alt=\"11922005_1159808690699205_1595718352_n\" width=\"588\" height=\"390\" srcset=\"https:\/\/www.lavisqteam.fr\/wp-content\/uploads\/2015\/09\/11922005_1159808690699205_1595718352_n.jpg 960w, https:\/\/www.lavisqteam.fr\/wp-content\/uploads\/2015\/09\/11922005_1159808690699205_1595718352_n-300x199.jpg 300w\" sizes=\"(max-width: 588px) 100vw, 588px\" \/><\/a><\/p>\n<p>Et malgr\u00e9 le fait que l&rsquo;on sache tout sur la chanteuse, on prendra plaisir \u00e0 suivre ce documentaire qui nous offre un angle de vue tr\u00e8s int\u00e9ressant.<\/p>\n<p>1943\/1970, voici les dates de naissance et de d\u00e9c\u00e8s de la grande <strong>Janis Joplin<\/strong>. Vingt-sept ans d&rsquo;une vie forte, extr\u00eame, presque incroyable. Alors qu&rsquo;elle s&rsquo;est \u00e9teinte brutalement, la chanteuse aura laiss\u00e9 une trace ind\u00e9l\u00e9bile dans l&rsquo;histoire du rock&rsquo;n&rsquo;roll et de la musique en g\u00e9n\u00e9rale. Dot\u00e9e d&rsquo;une voix puissante et d&rsquo;un charisme \u00e0 toute \u00e9preuve, elle restera comme une l\u00e9gende ind\u00e9modable, qui continue encore aujourd&rsquo;hui \u00e0 convertir encore et encore des fans.<\/p>\n<p>\u00ab\u00a0<strong>The way she was Janis<\/strong>\u00ab\u00a0, \u00ab\u00a0<strong>Janis, le film<\/strong>\u00ab\u00a0, \u00ab\u00a0<strong>sur la route, Janis<\/strong>\u00a0\u00bb ou encore \u00ab\u00a0<strong>Janis, the final hours<\/strong>\u00ab\u00a0, la vie de Janis Joplin a toujours fascin\u00e9 et diff\u00e9rents r\u00e9alisateurs se sont attaqu\u00e9s \u00e0 la raconter. <em>Mark Rydell<\/em> a m\u00eame \u00e9t\u00e9 jusqu\u2019\u00e0 faire une \u00e9vocation de la vie de la chanteuse avec son chef d&rsquo;\u0153uvre \u00ab\u00a0<strong>The Rose<\/strong>\u00ab\u00a0. Alors, pour parler de <strong>Janis Joplin<\/strong> dans un documentaire, il fallait renouveler les choses pour ne pas tomber dans ce qui avait d\u00e9j\u00e0 \u00e9t\u00e9 fait et dit, et c&rsquo;est ce que la r\u00e9alisatrice <em>Amy Berg<\/em> a fait avec ce film.<\/p>\n<p>\u00ab\u00a0<strong>Janis, Little girl blue<\/strong>\u00a0\u00bb raconte bien entendu la vie de la star, de son d\u00e9but, de son adolescence et des probl\u00e8mes d&rsquo;int\u00e9gration dans son lyc\u00e9e, \u00e0 sa fuite vers San Francisco, sa ville d&rsquo;adoption. Comme convenu, le documentaire abordera les ann\u00e9es gal\u00e8res, la folie de l&rsquo;\u00e9poque et les premiers groupes pour aller jusqu\u2019\u00e0 la r\u00e9v\u00e9lation au festival de Monterey. Le film aborde la gloire, la c\u00e9l\u00e9brit\u00e9 et les doutes que la jeune femme avait et comme on s&rsquo;en doute, il finira par son d\u00e9c\u00e8s et l&rsquo;h\u00e9ritage qu&rsquo;elle a laiss\u00e9 dans le domaine musical. Mais l\u00e0 o\u00f9 la r\u00e9alisatrice change la donne, c&rsquo;est qu&rsquo;elle va nous raconter cette histoire en s&rsquo;appuyant en grande partie des lettres que <strong>Janis Joplin<\/strong> \u00e9crivait \u00e0 sa famille, ainsi que les r\u00e9ponses de cette derni\u00e8re. Son film d\u00e9gage alors quelque chose de tr\u00e8s authentique. Gr\u00e2ce \u00e0 ces lettres, \u00e0 ces conversations et bien s\u00fbr aux diff\u00e9rentes interviews des membres de sa famille, des amis ou des anciens collaborateurs, <em>Amy Berg<\/em> va dresser le portrait d&rsquo;une jeune femme pleine de vie, de bonne humeur, d&rsquo;espoir et de talent. Une jeune femme extr\u00eamement touchante, qui a ses failles, ses peurs, ses d\u00e9mons bien s\u00fbr, et surtout sa fragilit\u00e9. L&rsquo;approche qu&rsquo;a la r\u00e9alisatrice sur son sujet est tr\u00e8s bien amen\u00e9e. Elle nous fait d\u00e9couvrir <strong>Janis Joplin<\/strong> sous un nouvel angle, avec tout ce qui faisait ce qu&rsquo;elle \u00e9tait. Tortur\u00e9e, triste, blagueuse et r\u00e9volutionnaire, elle nous la montre comme rarement et nous fait presque ressentir ses \u00e9motions. La r\u00e9alisatrice n&rsquo;oublie pas non plus de parler des moments o\u00f9 la chanteuse travaille, o\u00f9 elle est en pleine cr\u00e9ation. Le film qui contient tout m\u00eame quelques longueurs, mais si peu.<\/p>\n<p>Ce qui est aussi tr\u00e8s appr\u00e9ciable, m\u00eame si on le retrouve dans chaque film qui a \u00e9t\u00e9 fait sur la chanteuse, c&rsquo;est bien sur ses chansons. Belles, ind\u00e9modables, passionnantes ou \u00e9mouvantes, on se laisse transporter par ce grain si sp\u00e9cial qu&rsquo;elle a. On reste encore et toujours impressionn\u00e9 par ses performances sur sc\u00e8ne, par cette \u00e9nergie d\u00e9bordante qu&rsquo;elle transmettait \u00e0 tous. <em>Amy Berg<\/em>, en plus de \u00e7a, a bien su choisir les lives qu&rsquo;elle int\u00e8gre \u00e0 son film.<\/p>\n<p style=\"text-align: center;\"><a href=\"https:\/\/www.lavisqteam.fr\/wp-content\/uploads\/2015\/09\/12008347_1159808630699211_1977309783_o.jpg\"><img loading=\"lazy\" class=\"alignnone size-large wp-image-16680\" src=\"https:\/\/www.lavisqteam.fr\/wp-content\/uploads\/2015\/09\/12008347_1159808630699211_1977309783_o-1024x576.jpg\" alt=\"12008347_1159808630699211_1977309783_o\" width=\"600\" height=\"338\" srcset=\"https:\/\/www.lavisqteam.fr\/wp-content\/uploads\/2015\/09\/12008347_1159808630699211_1977309783_o-1024x576.jpg 1024w, https:\/\/www.lavisqteam.fr\/wp-content\/uploads\/2015\/09\/12008347_1159808630699211_1977309783_o-300x169.jpg 300w, https:\/\/www.lavisqteam.fr\/wp-content\/uploads\/2015\/09\/12008347_1159808630699211_1977309783_o.jpg 1280w\" sizes=\"(max-width: 600px) 100vw, 600px\" \/><\/a><\/p>\n<p>Bref, vous l&rsquo;aurez compris, \u00ab\u00a0<strong>Janis Little Girl Blue<\/strong>\u00a0\u00bb est donc un film fort recommandable. Et \u00e0 la sortie, faire un nouveau documentaire sur la chanteuse est toujours bon dans un sens cela permet aux nouvelles g\u00e9n\u00e9rations de peut-\u00eatre la d\u00e9couvrir, et puis \u00e7a nous permet aussi, admirateurs de la chanteuse, de la revoir sur grand \u00e9cran et de l&rsquo;entendre dans les meilleurs conditions possibles et rien que pour \u00e7a, \u00e7a vaut le d\u00e9placement.<\/p>\n<p><strong>Note\u00a0: 15\/20<\/strong><\/p>\n<p style=\"text-align: center;\">[youtube]https:\/\/www.youtube.com\/watch?v=rX8hOw31wCQ[\/youtube]<\/p>\n<p style=\"text-align: right;\">Par <strong>Cin\u00e9ted<\/strong><\/p>\n","protected":false},"excerpt":{"rendered":"<p>Titre Original\u00a0: Janis\u00a0: Little Girl Blue De: Amy Berg Avec Janis Joplin, Cat Power Ann\u00e9e\u00a0: 2015 Pays\u00a0: Etats-Unis Genre\u00a0: Documentaire R\u00e9sum\u00e9\u00a0: Janis Joplin \u00e9tait une &hellip; <\/p>\n","protected":false},"author":1,"featured_media":0,"comment_status":"open","ping_status":"open","sticky":false,"template":"","format":"standard","meta":[],"categories":[1],"tags":[],"yoast_head":"<!-- This site is optimized with the Yoast SEO plugin v19.6.1 - https:\/\/yoast.com\/wordpress\/plugins\/seo\/ -->\n<title>Janis - Lavisqteam.fr<\/title>\n<meta name=\"robots\" content=\"index, follow, max-snippet:-1, max-image-preview:large, max-video-preview:-1\" \/>\n<link rel=\"canonical\" href=\"https:\/\/www.lavisqteam.fr\/?p=16678\" \/>\n<meta property=\"og:locale\" content=\"fr_FR\" \/>\n<meta property=\"og:type\" content=\"article\" \/>\n<meta property=\"og:title\" content=\"Janis - Lavisqteam.fr\" \/>\n<meta property=\"og:description\" content=\"Titre Original\u00a0: Janis\u00a0: Little Girl Blue De: Amy Berg Avec Janis Joplin, Cat Power Ann\u00e9e\u00a0: 2015 Pays\u00a0: Etats-Unis Genre\u00a0: Documentaire R\u00e9sum\u00e9\u00a0: Janis Joplin \u00e9tait une &hellip;\" \/>\n<meta property=\"og:url\" content=\"https:\/\/www.lavisqteam.fr\/?p=16678\" \/>\n<meta property=\"og:site_name\" content=\"Lavisqteam.fr\" \/>\n<meta property=\"article:published_time\" content=\"2015-09-16T19:14:41+00:00\" \/>\n<meta property=\"og:image\" content=\"http:\/\/www.lavisqteam.fr\/wp-content\/uploads\/2015\/09\/11995695_1159808520699222_1357374683_n.jpg\" \/>\n<meta name=\"author\" content=\"AqME\" \/>\n<meta name=\"twitter:card\" content=\"summary_large_image\" \/>\n<meta name=\"twitter:label1\" content=\"\u00c9crit par\" \/>\n\t<meta name=\"twitter:data1\" content=\"AqME\" \/>\n\t<meta name=\"twitter:label2\" content=\"Dur\u00e9e de lecture estim\u00e9e\" \/>\n\t<meta name=\"twitter:data2\" content=\"5 minutes\" \/>\n<script type=\"application\/ld+json\" class=\"yoast-schema-graph\">{\"@context\":\"https:\/\/schema.org\",\"@graph\":[{\"@type\":\"Article\",\"@id\":\"https:\/\/www.lavisqteam.fr\/?p=16678#article\",\"isPartOf\":{\"@id\":\"https:\/\/www.lavisqteam.fr\/?p=16678\"},\"author\":{\"name\":\"AqME\",\"@id\":\"https:\/\/www.lavisqteam.fr\/#\/schema\/person\/da11d7c30bf135b288b17cc576708c2d\"},\"headline\":\"Janis\",\"datePublished\":\"2015-09-16T19:14:41+00:00\",\"dateModified\":\"2015-09-16T19:14:41+00:00\",\"mainEntityOfPage\":{\"@id\":\"https:\/\/www.lavisqteam.fr\/?p=16678\"},\"wordCount\":910,\"commentCount\":0,\"publisher\":{\"@id\":\"https:\/\/www.lavisqteam.fr\/#organization\"},\"articleSection\":[\"Uncategorized\"],\"inLanguage\":\"fr-FR\",\"potentialAction\":[{\"@type\":\"CommentAction\",\"name\":\"Comment\",\"target\":[\"https:\/\/www.lavisqteam.fr\/?p=16678#respond\"]}]},{\"@type\":\"WebPage\",\"@id\":\"https:\/\/www.lavisqteam.fr\/?p=16678\",\"url\":\"https:\/\/www.lavisqteam.fr\/?p=16678\",\"name\":\"Janis - Lavisqteam.fr\",\"isPartOf\":{\"@id\":\"https:\/\/www.lavisqteam.fr\/#website\"},\"datePublished\":\"2015-09-16T19:14:41+00:00\",\"dateModified\":\"2015-09-16T19:14:41+00:00\",\"breadcrumb\":{\"@id\":\"https:\/\/www.lavisqteam.fr\/?p=16678#breadcrumb\"},\"inLanguage\":\"fr-FR\",\"potentialAction\":[{\"@type\":\"ReadAction\",\"target\":[\"https:\/\/www.lavisqteam.fr\/?p=16678\"]}]},{\"@type\":\"BreadcrumbList\",\"@id\":\"https:\/\/www.lavisqteam.fr\/?p=16678#breadcrumb\",\"itemListElement\":[{\"@type\":\"ListItem\",\"position\":1,\"name\":\"Accueil\",\"item\":\"https:\/\/www.lavisqteam.fr\/\"},{\"@type\":\"ListItem\",\"position\":2,\"name\":\"Janis\"}]},{\"@type\":\"WebSite\",\"@id\":\"https:\/\/www.lavisqteam.fr\/#website\",\"url\":\"https:\/\/www.lavisqteam.fr\/\",\"name\":\"Lavisqteam.fr\",\"description\":\"\",\"publisher\":{\"@id\":\"https:\/\/www.lavisqteam.fr\/#organization\"},\"potentialAction\":[{\"@type\":\"SearchAction\",\"target\":{\"@type\":\"EntryPoint\",\"urlTemplate\":\"https:\/\/www.lavisqteam.fr\/?s={search_term_string}\"},\"query-input\":\"required name=search_term_string\"}],\"inLanguage\":\"fr-FR\"},{\"@type\":\"Organization\",\"@id\":\"https:\/\/www.lavisqteam.fr\/#organization\",\"name\":\"Lavisqteam.fr\",\"url\":\"https:\/\/www.lavisqteam.fr\/\",\"sameAs\":[],\"logo\":{\"@type\":\"ImageObject\",\"inLanguage\":\"fr-FR\",\"@id\":\"https:\/\/www.lavisqteam.fr\/#\/schema\/logo\/image\/\",\"url\":\"https:\/\/www.lavisqteam.fr\/wp-content\/uploads\/2020\/08\/cropped-80879545_3479261675449035_4078032831501041664_o-4.jpg\",\"contentUrl\":\"https:\/\/www.lavisqteam.fr\/wp-content\/uploads\/2020\/08\/cropped-80879545_3479261675449035_4078032831501041664_o-4.jpg\",\"width\":1674,\"height\":536,\"caption\":\"Lavisqteam.fr\"},\"image\":{\"@id\":\"https:\/\/www.lavisqteam.fr\/#\/schema\/logo\/image\/\"}},{\"@type\":\"Person\",\"@id\":\"https:\/\/www.lavisqteam.fr\/#\/schema\/person\/da11d7c30bf135b288b17cc576708c2d\",\"name\":\"AqME\",\"image\":{\"@type\":\"ImageObject\",\"inLanguage\":\"fr-FR\",\"@id\":\"https:\/\/www.lavisqteam.fr\/#\/schema\/person\/image\/\",\"url\":\"https:\/\/secure.gravatar.com\/avatar\/4a87d013fc854acd0f25858a13573675?s=96&d=mm&r=g\",\"contentUrl\":\"https:\/\/secure.gravatar.com\/avatar\/4a87d013fc854acd0f25858a13573675?s=96&d=mm&r=g\",\"caption\":\"AqME\"},\"description\":\"Amateur d'horreur, M\u00e9talleux dans l'\u00e2me, je succombe facilement \u00e0 des images de chatons.\",\"url\":\"https:\/\/www.lavisqteam.fr\/?author=1\"}]}<\/script>\n<!-- \/ Yoast SEO plugin. -->","yoast_head_json":{"title":"Janis - Lavisqteam.fr","robots":{"index":"index","follow":"follow","max-snippet":"max-snippet:-1","max-image-preview":"max-image-preview:large","max-video-preview":"max-video-preview:-1"},"canonical":"https:\/\/www.lavisqteam.fr\/?p=16678","og_locale":"fr_FR","og_type":"article","og_title":"Janis - Lavisqteam.fr","og_description":"Titre Original\u00a0: Janis\u00a0: Little Girl Blue De: Amy Berg Avec Janis Joplin, Cat Power Ann\u00e9e\u00a0: 2015 Pays\u00a0: Etats-Unis Genre\u00a0: Documentaire R\u00e9sum\u00e9\u00a0: Janis Joplin \u00e9tait une &hellip;","og_url":"https:\/\/www.lavisqteam.fr\/?p=16678","og_site_name":"Lavisqteam.fr","article_published_time":"2015-09-16T19:14:41+00:00","og_image":[{"url":"http:\/\/www.lavisqteam.fr\/wp-content\/uploads\/2015\/09\/11995695_1159808520699222_1357374683_n.jpg"}],"author":"AqME","twitter_card":"summary_large_image","twitter_misc":{"\u00c9crit par":"AqME","Dur\u00e9e de lecture estim\u00e9e":"5 minutes"},"schema":{"@context":"https:\/\/schema.org","@graph":[{"@type":"Article","@id":"https:\/\/www.lavisqteam.fr\/?p=16678#article","isPartOf":{"@id":"https:\/\/www.lavisqteam.fr\/?p=16678"},"author":{"name":"AqME","@id":"https:\/\/www.lavisqteam.fr\/#\/schema\/person\/da11d7c30bf135b288b17cc576708c2d"},"headline":"Janis","datePublished":"2015-09-16T19:14:41+00:00","dateModified":"2015-09-16T19:14:41+00:00","mainEntityOfPage":{"@id":"https:\/\/www.lavisqteam.fr\/?p=16678"},"wordCount":910,"commentCount":0,"publisher":{"@id":"https:\/\/www.lavisqteam.fr\/#organization"},"articleSection":["Uncategorized"],"inLanguage":"fr-FR","potentialAction":[{"@type":"CommentAction","name":"Comment","target":["https:\/\/www.lavisqteam.fr\/?p=16678#respond"]}]},{"@type":"WebPage","@id":"https:\/\/www.lavisqteam.fr\/?p=16678","url":"https:\/\/www.lavisqteam.fr\/?p=16678","name":"Janis - Lavisqteam.fr","isPartOf":{"@id":"https:\/\/www.lavisqteam.fr\/#website"},"datePublished":"2015-09-16T19:14:41+00:00","dateModified":"2015-09-16T19:14:41+00:00","breadcrumb":{"@id":"https:\/\/www.lavisqteam.fr\/?p=16678#breadcrumb"},"inLanguage":"fr-FR","potentialAction":[{"@type":"ReadAction","target":["https:\/\/www.lavisqteam.fr\/?p=16678"]}]},{"@type":"BreadcrumbList","@id":"https:\/\/www.lavisqteam.fr\/?p=16678#breadcrumb","itemListElement":[{"@type":"ListItem","position":1,"name":"Accueil","item":"https:\/\/www.lavisqteam.fr\/"},{"@type":"ListItem","position":2,"name":"Janis"}]},{"@type":"WebSite","@id":"https:\/\/www.lavisqteam.fr\/#website","url":"https:\/\/www.lavisqteam.fr\/","name":"Lavisqteam.fr","description":"","publisher":{"@id":"https:\/\/www.lavisqteam.fr\/#organization"},"potentialAction":[{"@type":"SearchAction","target":{"@type":"EntryPoint","urlTemplate":"https:\/\/www.lavisqteam.fr\/?s={search_term_string}"},"query-input":"required name=search_term_string"}],"inLanguage":"fr-FR"},{"@type":"Organization","@id":"https:\/\/www.lavisqteam.fr\/#organization","name":"Lavisqteam.fr","url":"https:\/\/www.lavisqteam.fr\/","sameAs":[],"logo":{"@type":"ImageObject","inLanguage":"fr-FR","@id":"https:\/\/www.lavisqteam.fr\/#\/schema\/logo\/image\/","url":"https:\/\/www.lavisqteam.fr\/wp-content\/uploads\/2020\/08\/cropped-80879545_3479261675449035_4078032831501041664_o-4.jpg","contentUrl":"https:\/\/www.lavisqteam.fr\/wp-content\/uploads\/2020\/08\/cropped-80879545_3479261675449035_4078032831501041664_o-4.jpg","width":1674,"height":536,"caption":"Lavisqteam.fr"},"image":{"@id":"https:\/\/www.lavisqteam.fr\/#\/schema\/logo\/image\/"}},{"@type":"Person","@id":"https:\/\/www.lavisqteam.fr\/#\/schema\/person\/da11d7c30bf135b288b17cc576708c2d","name":"AqME","image":{"@type":"ImageObject","inLanguage":"fr-FR","@id":"https:\/\/www.lavisqteam.fr\/#\/schema\/person\/image\/","url":"https:\/\/secure.gravatar.com\/avatar\/4a87d013fc854acd0f25858a13573675?s=96&d=mm&r=g","contentUrl":"https:\/\/secure.gravatar.com\/avatar\/4a87d013fc854acd0f25858a13573675?s=96&d=mm&r=g","caption":"AqME"},"description":"Amateur d'horreur, M\u00e9talleux dans l'\u00e2me, je succombe facilement \u00e0 des images de chatons.","url":"https:\/\/www.lavisqteam.fr\/?author=1"}]}},"jetpack_featured_media_url":"","_links":{"self":[{"href":"https:\/\/www.lavisqteam.fr\/index.php?rest_route=\/wp\/v2\/posts\/16678"}],"collection":[{"href":"https:\/\/www.lavisqteam.fr\/index.php?rest_route=\/wp\/v2\/posts"}],"about":[{"href":"https:\/\/www.lavisqteam.fr\/index.php?rest_route=\/wp\/v2\/types\/post"}],"author":[{"embeddable":true,"href":"https:\/\/www.lavisqteam.fr\/index.php?rest_route=\/wp\/v2\/users\/1"}],"replies":[{"embeddable":true,"href":"https:\/\/www.lavisqteam.fr\/index.php?rest_route=%2Fwp%2Fv2%2Fcomments&post=16678"}],"version-history":[{"count":1,"href":"https:\/\/www.lavisqteam.fr\/index.php?rest_route=\/wp\/v2\/posts\/16678\/revisions"}],"predecessor-version":[{"id":16682,"href":"https:\/\/www.lavisqteam.fr\/index.php?rest_route=\/wp\/v2\/posts\/16678\/revisions\/16682"}],"wp:attachment":[{"href":"https:\/\/www.lavisqteam.fr\/index.php?rest_route=%2Fwp%2Fv2%2Fmedia&parent=16678"}],"wp:term":[{"taxonomy":"category","embeddable":true,"href":"https:\/\/www.lavisqteam.fr\/index.php?rest_route=%2Fwp%2Fv2%2Fcategories&post=16678"},{"taxonomy":"post_tag","embeddable":true,"href":"https:\/\/www.lavisqteam.fr\/index.php?rest_route=%2Fwp%2Fv2%2Ftags&post=16678"}],"curies":[{"name":"wp","href":"https:\/\/api.w.org\/{rel}","templated":true}]}}