{"id":15321,"date":"2015-06-29T18:45:20","date_gmt":"2015-06-29T18:45:20","guid":{"rendered":"http:\/\/www.lavisqteam.fr\/?p=15321"},"modified":"2015-06-29T18:45:20","modified_gmt":"2015-06-29T18:45:20","slug":"tale-of-tales","status":"publish","type":"post","link":"https:\/\/www.lavisqteam.fr\/?p=15321","title":{"rendered":"Tale of Tales"},"content":{"rendered":"<p style=\"text-align: center;\"><a href=\"https:\/\/www.lavisqteam.fr\/wp-content\/uploads\/2015\/06\/11657566_1116065518406856_1089057339_n.jpg\"><img loading=\"lazy\" class=\"alignnone  wp-image-15322\" src=\"https:\/\/www.lavisqteam.fr\/wp-content\/uploads\/2015\/06\/11657566_1116065518406856_1089057339_n.jpg\" alt=\"11657566_1116065518406856_1089057339_n\" width=\"585\" height=\"793\" srcset=\"https:\/\/www.lavisqteam.fr\/wp-content\/uploads\/2015\/06\/11657566_1116065518406856_1089057339_n.jpg 708w, https:\/\/www.lavisqteam.fr\/wp-content\/uploads\/2015\/06\/11657566_1116065518406856_1089057339_n-221x300.jpg 221w\" sizes=\"(max-width: 585px) 100vw, 585px\" \/><\/a><\/p>\n<p><strong>Titre Original\u00a0: <\/strong>Il Racconto dei Racconti<\/p>\n<p><strong>De\u00a0: <\/strong>Matteo Garrone<\/p>\n<p><strong>Avec <\/strong>Salma Hayek, Vincent Cassel, Toby Jones, John C. Reilly<\/p>\n<p><strong>Ann\u00e9e\u00a0: <\/strong>2015<\/p>\n<p><strong>Pays\u00a0: <\/strong>Italie, France, Angleterre<\/p>\n<p><strong>Genre\u00a0: <\/strong>Fantastique<\/p>\n<p><strong>R\u00e9sum\u00e9\u00a0:<\/strong><\/p>\n<p>Il \u00e9tait une fois trois royaumes voisins o\u00f9 dans de merveilleux ch\u00e2teaux r\u00e9gnaient rois et reines, princes et princesses : un roi fornicateur et libertin, un autre captiv\u00e9 par un \u00e9trange animal, une reine obs\u00e9d\u00e9e par son d\u00e9sir d&rsquo;enfant&#8230; Sorciers et f\u00e9es, monstres redoutables, ogre et vieilles lavandi\u00e8res, saltimbanques et courtisans sont les h\u00e9ros de cette libre interpr\u00e9tation des c\u00e9l\u00e8bres contes de Giambattista Basile.<\/p>\n<p><strong>Avis\u00a0:<\/strong><\/p>\n<p>\u00ab\u00a0<strong>Tale of tales<\/strong>\u00ab\u00a0, c&rsquo;est le huiti\u00e8me film de <em>Matteo Garrone<\/em>, qui en un peu moins d&rsquo;une dizaine d&rsquo;ann\u00e9es est devenue l&rsquo;un des r\u00e9alisateurs les plus influents d&rsquo;Italie. De son cin\u00e9ma, je ne connais que l&rsquo;excellent \u00ab\u00a0<strong>Gomorra<\/strong>\u00ab\u00a0, que j&rsquo;avais vu en salle et qui \u00e0 l&rsquo;\u00e9poque m&rsquo;avait sacr\u00e9ment retourn\u00e9. J&rsquo;avais loup\u00e9 le suivant \u00ab\u00a0<strong>Reality<\/strong>\u00ab\u00a0, alors je me rattrape sur celui-l\u00e0 qui fut tr\u00e8s critiqu\u00e9 au dernier festival de Cannes.<\/p>\n<p>Il faut dire qu&rsquo;\u00e0 la d\u00e9couverte de la bande-annonce, \u00ab\u00a0<strong>Tale of tales<\/strong>\u00a0\u00bb s&rsquo;annon\u00e7ait comme une sacr\u00e9e exp\u00e9rience. Le film a l&rsquo;air hypnotique. Et c&rsquo;est bel et bien ce qu&rsquo;il est. Malgr\u00e9 la vision de la bande-annonce, je ne savais pas trop \u00e0 quoi m&rsquo;attendre en rentrant dans la salle, partag\u00e9 entre les mauvaises critiques, les bonnes et surtout le charme incroyable qui s&rsquo;oppose \u00e0 une intrigue qui a l&rsquo;air des plus complexes. Et j&rsquo;en ressors d\u00e9boussol\u00e9 et perplexe \u00e0 la fois. Visuellement dingue, je reste encore en r\u00e9flexion avec moi-m\u00eame, sur ce que le film m&rsquo;a racont\u00e9, comme il me l&rsquo;a racont\u00e9 et pourquoi il me l&rsquo;a racont\u00e9 ? Bonne ou mauvaise exp\u00e9rience, une chose est s\u00fbre, le film de <em>Matteo Garrone<\/em> ne laissera personne indiff\u00e9rent.<\/p>\n<p style=\"text-align: center;\"><a href=\"https:\/\/www.lavisqteam.fr\/wp-content\/uploads\/2015\/06\/11659041_1116065591740182_1497927740_o.jpg\"><img loading=\"lazy\" class=\"alignnone size-large wp-image-15324\" src=\"https:\/\/www.lavisqteam.fr\/wp-content\/uploads\/2015\/06\/11659041_1116065591740182_1497927740_o-1024x580.jpg\" alt=\"11659041_1116065591740182_1497927740_o\" width=\"600\" height=\"340\" srcset=\"https:\/\/www.lavisqteam.fr\/wp-content\/uploads\/2015\/06\/11659041_1116065591740182_1497927740_o-1024x580.jpg 1024w, https:\/\/www.lavisqteam.fr\/wp-content\/uploads\/2015\/06\/11659041_1116065591740182_1497927740_o-300x170.jpg 300w, https:\/\/www.lavisqteam.fr\/wp-content\/uploads\/2015\/06\/11659041_1116065591740182_1497927740_o.jpg 1422w\" sizes=\"(max-width: 600px) 100vw, 600px\" \/><\/a><\/p>\n<p>Il \u00e9tait une fois dans un monde inconnu, dans trois royaumes voisins o\u00f9 vivent des souverains, souveraines et princes et princesses. Chacun d&rsquo;eux est en qu\u00eate d&rsquo;une chose qui changera leur destin\u00e9e. Une reine r\u00eave d&rsquo;un enfant et est pr\u00eate \u00e0 tout pour en avoir. Un roi, libertin, est en qu\u00eate de la femme parfaite et un autre est en totale fascination sur une cr\u00e9ature qu&rsquo;il \u00e9l\u00e8ve en secret. Chacun d&rsquo;eux, pour trouver la paix et avoir ce qu&rsquo;il d\u00e9sire, devra faire face \u00e0 des \u00e9v\u00e9nements tragiques ou cruciaux et prendre de graves d\u00e9cisions.<\/p>\n<p>\u00ab\u00a0<strong>Tale of tales<\/strong>\u00a0\u00bb est \u00e0 coup sur le film le plus atypique de l&rsquo;ann\u00e9e et je ne pense pas qu&rsquo;un autre film de ce genre puisse voir le jour avant un bout de temps. <em>Matteo Garrone<\/em> a choisi de nous raconter trois contes tous perturbants. Il va faire s\u2019entrem\u00ealer ces histoires en m\u00eame temps. Passant de l&rsquo;une \u00e0 l&rsquo;autre sans vraiment de raisons. J&rsquo;ai ador\u00e9 l\u2019ambiance incroyable que le film d\u00e9gage, avec des plans tous plus magnifiques les uns que les autres. Le style graphique est magique, alliant un r\u00e9alisme assez pouss\u00e9 dans \u00ab\u00a0l&rsquo;\u00e9poque\u00a0\u00bb dans laquelle l\u2019histoire \u00e9volue (les plans sur les ch\u00e2teaux sont de toute beaut\u00e9, comme tous les d\u00e9cors ou les costumes), tout en conservant une part de r\u00eave, d&rsquo;artifice, d&rsquo;irr\u00e9el, avec des cr\u00e9atures monstrueuses (la sc\u00e8ne du monstre sous l&rsquo;eau en donne des frissons), de la magie, de la sorcellerie et des personnages pittoresques. Je reste n\u00e9anmoins plus r\u00e9serv\u00e9 sur son contenu.<\/p>\n<p>Les trois intrigues que vont s\u2019entrem\u00ealer sont int\u00e9ressantes chacune de leur c\u00f4t\u00e9. Elles sont plus ou moins prenantes, mais dans l&rsquo;ensemble, \u00e0 plusieurs moments, je me suis demand\u00e9 o\u00f9 le r\u00e9alisateur voulait en venir et de quelle mani\u00e8re il allait bien pouvoir conclure le tout. \u00ab\u00a0<strong>Tale of tales<\/strong>\u00a0\u00bb jouit d&rsquo;un rythme aussi particulier que le film lui-m\u00eame. Ce qui a eu tendance \u00e0 me d\u00e9ranger un peu, car \u00e0 tr\u00e8s peu de moments, je me suis retrouv\u00e9 vraiment passionn\u00e9 par ce qui m\u2019\u00e9tait pr\u00e9sent\u00e9. Ce n&rsquo;est pas que je me sois ennuy\u00e9, comme je le disais, le film a de bons atouts et des aspects int\u00e9ressants, mais dans l&rsquo;ensemble, j&rsquo;avais envie de plus et moins alambiqu\u00e9 surtout. C&rsquo;est beau, incroyablement beau, le film nous fait passer par pas mal de ressentis, d\u00e9go\u00fbt, peur, mal \u00eatre, rire aussi, et m\u00eame des moments plus touchants, mais pourtant, le film reste distant et alors qu&rsquo;il d\u00e9gage un caract\u00e8re incroyable et marquant (plusieurs sc\u00e8nes sont des chefs d\u2019\u0153uvres \u00e0 elles seules et elles ne sont pas pr\u00eates de quitter ma m\u00e9moire) , il lui manque de la magie pour que l&rsquo;ensemble passionne vraiment et fasse vibrer. Et puis je dois dire que ce film m&rsquo;a laiss\u00e9 un petit go\u00fbt d\u2019inachev\u00e9. Ce qui est d&rsquo;autant plus dommage, c&rsquo;est que le film commen\u00e7ait vraiment \u00e0 m&#8217;emporter dans son intrigue au moment o\u00f9 le r\u00e9alisateur a d\u00e9cid\u00e9 d&rsquo;y mettre un point final.<\/p>\n<p>Je n&rsquo;ai pas sp\u00e9cialement trouv\u00e9 tous les personnages bien d\u00e9velopp\u00e9s. Il y a un c\u00f4t\u00e9 bancal ici aussi. On a l&rsquo;impression que le r\u00e9alisateur s&rsquo;est plus concentr\u00e9 sur des personnages que d&rsquo;autres. Ainsi par exemple le personnage de <em>Salma Hayek<\/em> est vraiment bien mis en relief et se trouve \u00eatre excellent \u00e0 suivre, surtout dans sa d\u00e9termination, alors que les personnages de <em>Vincent Cassel<\/em> ou celui de <em>Toby Jones<\/em> sont plus en retraits et assez creux. \u00c0 plusieurs moments, je n&rsquo;ai pas tr\u00e8s bien compris leurs r\u00e9actions. Tout comme celui tenu par <em>Stacy Martin<\/em>, qui m\u00e9ritait bien plus. Par contre, m\u00eame si certains personnages m\u00e9ritaient mieux, je ne peux rien reprocher aux acteurs qui sont bluffants. Mention sp\u00e9ciale \u00e0 <em>Toby Jones<\/em> que j&rsquo;ai trouv\u00e9 incroyable, d&rsquo;o\u00f9 ma frustration concernant le manque de profondeur de son personnage. Et mention encore plus sp\u00e9ciale pour <em>Bebe Cave<\/em> que je ne connaissais pas et qui cr\u00e8ve litt\u00e9ralement l&rsquo;\u00e9cran. C&rsquo;est ma r\u00e9v\u00e9lation du film. Sans oublier aussi <em>Franco Pistoni<\/em>, qui est flippant en N\u00e9cromancien. Quelle pr\u00e9sence \u00e0 l&rsquo;\u00e9cran alors que le r\u00f4le est presque insignifiant compar\u00e9 \u00e0 d&rsquo;autres.<\/p>\n<p style=\"text-align: center;\"><a href=\"https:\/\/www.lavisqteam.fr\/wp-content\/uploads\/2015\/06\/11660388_1116065661740175_1102259356_o.jpg\"><img loading=\"lazy\" class=\"alignnone size-large wp-image-15323\" src=\"https:\/\/www.lavisqteam.fr\/wp-content\/uploads\/2015\/06\/11660388_1116065661740175_1102259356_o-1024x577.jpg\" alt=\"11660388_1116065661740175_1102259356_o\" width=\"600\" height=\"338\" srcset=\"https:\/\/www.lavisqteam.fr\/wp-content\/uploads\/2015\/06\/11660388_1116065661740175_1102259356_o-1024x577.jpg 1024w, https:\/\/www.lavisqteam.fr\/wp-content\/uploads\/2015\/06\/11660388_1116065661740175_1102259356_o-300x169.jpg 300w, https:\/\/www.lavisqteam.fr\/wp-content\/uploads\/2015\/06\/11660388_1116065661740175_1102259356_o.jpg 1280w\" sizes=\"(max-width: 600px) 100vw, 600px\" \/><\/a><\/p>\n<p>J&rsquo;ai quand m\u00eame appr\u00e9ci\u00e9 dans le fond ce spectacle inhabituel. \u00ab\u00a0<strong>Tale of tales<\/strong>\u00a0\u00bb restera pour moi l&rsquo;un des ovnis filmiques de cette ann\u00e9e 2015. \u0152uvre atypique, contes d\u00e9rang\u00e9s, <em>Matteo Garrone <\/em>livre un film qui ne ressemble \u00e0 aucun autre, et c&rsquo;est ce qui fait son caract\u00e8re, sa force, mais aussi sa principale faiblesse. Car, \u00e0 force de vouloir \u00e9blouir visuellement avec une \u0153uvre intense, le r\u00e9alisateur oublie de vraiment nous passionner sur tout son long et alors qu&rsquo;on aurait pu \u00eatre transport\u00e9 tout le temps, \u00e0 plusieurs moments, on reste de simples spectateurs. Des spectateurs enchant\u00e9s, amus\u00e9s ou touch\u00e9s, mais aussi quelque peu perdus.<\/p>\n<p><strong>Note\u00a0: 12\/20<\/strong><\/p>\n<p style=\"text-align: center;\">[youtube]https:\/\/www.youtube.com\/watch?v=e3hVmpGzl7A[\/youtube]<\/p>\n<p style=\"text-align: right;\">Par <strong>Cin\u00e9ted<\/strong><\/p>\n","protected":false},"excerpt":{"rendered":"<p>Titre Original\u00a0: Il Racconto dei Racconti De\u00a0: Matteo Garrone Avec Salma Hayek, Vincent Cassel, Toby Jones, John C. Reilly Ann\u00e9e\u00a0: 2015 Pays\u00a0: Italie, France, Angleterre &hellip; <\/p>\n","protected":false},"author":1,"featured_media":15324,"comment_status":"open","ping_status":"open","sticky":false,"template":"","format":"standard","meta":[],"categories":[1],"tags":[],"yoast_head":"<!-- This site is optimized with the Yoast SEO plugin v19.6.1 - https:\/\/yoast.com\/wordpress\/plugins\/seo\/ -->\n<title>Tale of Tales - Lavisqteam.fr<\/title>\n<meta name=\"robots\" content=\"index, follow, max-snippet:-1, max-image-preview:large, max-video-preview:-1\" \/>\n<link rel=\"canonical\" href=\"https:\/\/www.lavisqteam.fr\/?p=15321\" \/>\n<meta property=\"og:locale\" content=\"fr_FR\" \/>\n<meta property=\"og:type\" content=\"article\" \/>\n<meta property=\"og:title\" content=\"Tale of Tales - Lavisqteam.fr\" \/>\n<meta property=\"og:description\" content=\"Titre Original\u00a0: Il Racconto dei Racconti De\u00a0: Matteo Garrone Avec Salma Hayek, Vincent Cassel, Toby Jones, John C. Reilly Ann\u00e9e\u00a0: 2015 Pays\u00a0: Italie, France, Angleterre &hellip;\" \/>\n<meta property=\"og:url\" content=\"https:\/\/www.lavisqteam.fr\/?p=15321\" \/>\n<meta property=\"og:site_name\" content=\"Lavisqteam.fr\" \/>\n<meta property=\"article:published_time\" content=\"2015-06-29T18:45:20+00:00\" \/>\n<meta property=\"og:image\" content=\"https:\/\/www.lavisqteam.fr\/wp-content\/uploads\/2015\/06\/11659041_1116065591740182_1497927740_o.jpg\" \/>\n\t<meta property=\"og:image:width\" content=\"1422\" \/>\n\t<meta property=\"og:image:height\" content=\"806\" \/>\n\t<meta property=\"og:image:type\" content=\"image\/jpeg\" \/>\n<meta name=\"author\" content=\"AqME\" \/>\n<meta name=\"twitter:card\" content=\"summary_large_image\" \/>\n<meta name=\"twitter:label1\" content=\"\u00c9crit par\" \/>\n\t<meta name=\"twitter:data1\" content=\"AqME\" \/>\n\t<meta name=\"twitter:label2\" content=\"Dur\u00e9e de lecture estim\u00e9e\" \/>\n\t<meta name=\"twitter:data2\" content=\"6 minutes\" \/>\n<script type=\"application\/ld+json\" class=\"yoast-schema-graph\">{\"@context\":\"https:\/\/schema.org\",\"@graph\":[{\"@type\":\"Article\",\"@id\":\"https:\/\/www.lavisqteam.fr\/?p=15321#article\",\"isPartOf\":{\"@id\":\"https:\/\/www.lavisqteam.fr\/?p=15321\"},\"author\":{\"name\":\"AqME\",\"@id\":\"https:\/\/www.lavisqteam.fr\/#\/schema\/person\/da11d7c30bf135b288b17cc576708c2d\"},\"headline\":\"Tale of Tales\",\"datePublished\":\"2015-06-29T18:45:20+00:00\",\"dateModified\":\"2015-06-29T18:45:20+00:00\",\"mainEntityOfPage\":{\"@id\":\"https:\/\/www.lavisqteam.fr\/?p=15321\"},\"wordCount\":1165,\"commentCount\":0,\"publisher\":{\"@id\":\"https:\/\/www.lavisqteam.fr\/#organization\"},\"articleSection\":[\"Uncategorized\"],\"inLanguage\":\"fr-FR\",\"potentialAction\":[{\"@type\":\"CommentAction\",\"name\":\"Comment\",\"target\":[\"https:\/\/www.lavisqteam.fr\/?p=15321#respond\"]}]},{\"@type\":\"WebPage\",\"@id\":\"https:\/\/www.lavisqteam.fr\/?p=15321\",\"url\":\"https:\/\/www.lavisqteam.fr\/?p=15321\",\"name\":\"Tale of Tales - Lavisqteam.fr\",\"isPartOf\":{\"@id\":\"https:\/\/www.lavisqteam.fr\/#website\"},\"datePublished\":\"2015-06-29T18:45:20+00:00\",\"dateModified\":\"2015-06-29T18:45:20+00:00\",\"breadcrumb\":{\"@id\":\"https:\/\/www.lavisqteam.fr\/?p=15321#breadcrumb\"},\"inLanguage\":\"fr-FR\",\"potentialAction\":[{\"@type\":\"ReadAction\",\"target\":[\"https:\/\/www.lavisqteam.fr\/?p=15321\"]}]},{\"@type\":\"BreadcrumbList\",\"@id\":\"https:\/\/www.lavisqteam.fr\/?p=15321#breadcrumb\",\"itemListElement\":[{\"@type\":\"ListItem\",\"position\":1,\"name\":\"Accueil\",\"item\":\"https:\/\/www.lavisqteam.fr\/\"},{\"@type\":\"ListItem\",\"position\":2,\"name\":\"Tale of Tales\"}]},{\"@type\":\"WebSite\",\"@id\":\"https:\/\/www.lavisqteam.fr\/#website\",\"url\":\"https:\/\/www.lavisqteam.fr\/\",\"name\":\"Lavisqteam.fr\",\"description\":\"\",\"publisher\":{\"@id\":\"https:\/\/www.lavisqteam.fr\/#organization\"},\"potentialAction\":[{\"@type\":\"SearchAction\",\"target\":{\"@type\":\"EntryPoint\",\"urlTemplate\":\"https:\/\/www.lavisqteam.fr\/?s={search_term_string}\"},\"query-input\":\"required name=search_term_string\"}],\"inLanguage\":\"fr-FR\"},{\"@type\":\"Organization\",\"@id\":\"https:\/\/www.lavisqteam.fr\/#organization\",\"name\":\"Lavisqteam.fr\",\"url\":\"https:\/\/www.lavisqteam.fr\/\",\"sameAs\":[],\"logo\":{\"@type\":\"ImageObject\",\"inLanguage\":\"fr-FR\",\"@id\":\"https:\/\/www.lavisqteam.fr\/#\/schema\/logo\/image\/\",\"url\":\"https:\/\/www.lavisqteam.fr\/wp-content\/uploads\/2020\/08\/cropped-80879545_3479261675449035_4078032831501041664_o-4.jpg\",\"contentUrl\":\"https:\/\/www.lavisqteam.fr\/wp-content\/uploads\/2020\/08\/cropped-80879545_3479261675449035_4078032831501041664_o-4.jpg\",\"width\":1674,\"height\":536,\"caption\":\"Lavisqteam.fr\"},\"image\":{\"@id\":\"https:\/\/www.lavisqteam.fr\/#\/schema\/logo\/image\/\"}},{\"@type\":\"Person\",\"@id\":\"https:\/\/www.lavisqteam.fr\/#\/schema\/person\/da11d7c30bf135b288b17cc576708c2d\",\"name\":\"AqME\",\"image\":{\"@type\":\"ImageObject\",\"inLanguage\":\"fr-FR\",\"@id\":\"https:\/\/www.lavisqteam.fr\/#\/schema\/person\/image\/\",\"url\":\"https:\/\/secure.gravatar.com\/avatar\/4a87d013fc854acd0f25858a13573675?s=96&d=mm&r=g\",\"contentUrl\":\"https:\/\/secure.gravatar.com\/avatar\/4a87d013fc854acd0f25858a13573675?s=96&d=mm&r=g\",\"caption\":\"AqME\"},\"description\":\"Amateur d'horreur, M\u00e9talleux dans l'\u00e2me, je succombe facilement \u00e0 des images de chatons.\",\"url\":\"https:\/\/www.lavisqteam.fr\/?author=1\"}]}<\/script>\n<!-- \/ Yoast SEO plugin. -->","yoast_head_json":{"title":"Tale of Tales - Lavisqteam.fr","robots":{"index":"index","follow":"follow","max-snippet":"max-snippet:-1","max-image-preview":"max-image-preview:large","max-video-preview":"max-video-preview:-1"},"canonical":"https:\/\/www.lavisqteam.fr\/?p=15321","og_locale":"fr_FR","og_type":"article","og_title":"Tale of Tales - Lavisqteam.fr","og_description":"Titre Original\u00a0: Il Racconto dei Racconti De\u00a0: Matteo Garrone Avec Salma Hayek, Vincent Cassel, Toby Jones, John C. Reilly Ann\u00e9e\u00a0: 2015 Pays\u00a0: Italie, France, Angleterre &hellip;","og_url":"https:\/\/www.lavisqteam.fr\/?p=15321","og_site_name":"Lavisqteam.fr","article_published_time":"2015-06-29T18:45:20+00:00","og_image":[{"width":1422,"height":806,"url":"https:\/\/www.lavisqteam.fr\/wp-content\/uploads\/2015\/06\/11659041_1116065591740182_1497927740_o.jpg","type":"image\/jpeg"}],"author":"AqME","twitter_card":"summary_large_image","twitter_misc":{"\u00c9crit par":"AqME","Dur\u00e9e de lecture estim\u00e9e":"6 minutes"},"schema":{"@context":"https:\/\/schema.org","@graph":[{"@type":"Article","@id":"https:\/\/www.lavisqteam.fr\/?p=15321#article","isPartOf":{"@id":"https:\/\/www.lavisqteam.fr\/?p=15321"},"author":{"name":"AqME","@id":"https:\/\/www.lavisqteam.fr\/#\/schema\/person\/da11d7c30bf135b288b17cc576708c2d"},"headline":"Tale of Tales","datePublished":"2015-06-29T18:45:20+00:00","dateModified":"2015-06-29T18:45:20+00:00","mainEntityOfPage":{"@id":"https:\/\/www.lavisqteam.fr\/?p=15321"},"wordCount":1165,"commentCount":0,"publisher":{"@id":"https:\/\/www.lavisqteam.fr\/#organization"},"articleSection":["Uncategorized"],"inLanguage":"fr-FR","potentialAction":[{"@type":"CommentAction","name":"Comment","target":["https:\/\/www.lavisqteam.fr\/?p=15321#respond"]}]},{"@type":"WebPage","@id":"https:\/\/www.lavisqteam.fr\/?p=15321","url":"https:\/\/www.lavisqteam.fr\/?p=15321","name":"Tale of Tales - Lavisqteam.fr","isPartOf":{"@id":"https:\/\/www.lavisqteam.fr\/#website"},"datePublished":"2015-06-29T18:45:20+00:00","dateModified":"2015-06-29T18:45:20+00:00","breadcrumb":{"@id":"https:\/\/www.lavisqteam.fr\/?p=15321#breadcrumb"},"inLanguage":"fr-FR","potentialAction":[{"@type":"ReadAction","target":["https:\/\/www.lavisqteam.fr\/?p=15321"]}]},{"@type":"BreadcrumbList","@id":"https:\/\/www.lavisqteam.fr\/?p=15321#breadcrumb","itemListElement":[{"@type":"ListItem","position":1,"name":"Accueil","item":"https:\/\/www.lavisqteam.fr\/"},{"@type":"ListItem","position":2,"name":"Tale of Tales"}]},{"@type":"WebSite","@id":"https:\/\/www.lavisqteam.fr\/#website","url":"https:\/\/www.lavisqteam.fr\/","name":"Lavisqteam.fr","description":"","publisher":{"@id":"https:\/\/www.lavisqteam.fr\/#organization"},"potentialAction":[{"@type":"SearchAction","target":{"@type":"EntryPoint","urlTemplate":"https:\/\/www.lavisqteam.fr\/?s={search_term_string}"},"query-input":"required name=search_term_string"}],"inLanguage":"fr-FR"},{"@type":"Organization","@id":"https:\/\/www.lavisqteam.fr\/#organization","name":"Lavisqteam.fr","url":"https:\/\/www.lavisqteam.fr\/","sameAs":[],"logo":{"@type":"ImageObject","inLanguage":"fr-FR","@id":"https:\/\/www.lavisqteam.fr\/#\/schema\/logo\/image\/","url":"https:\/\/www.lavisqteam.fr\/wp-content\/uploads\/2020\/08\/cropped-80879545_3479261675449035_4078032831501041664_o-4.jpg","contentUrl":"https:\/\/www.lavisqteam.fr\/wp-content\/uploads\/2020\/08\/cropped-80879545_3479261675449035_4078032831501041664_o-4.jpg","width":1674,"height":536,"caption":"Lavisqteam.fr"},"image":{"@id":"https:\/\/www.lavisqteam.fr\/#\/schema\/logo\/image\/"}},{"@type":"Person","@id":"https:\/\/www.lavisqteam.fr\/#\/schema\/person\/da11d7c30bf135b288b17cc576708c2d","name":"AqME","image":{"@type":"ImageObject","inLanguage":"fr-FR","@id":"https:\/\/www.lavisqteam.fr\/#\/schema\/person\/image\/","url":"https:\/\/secure.gravatar.com\/avatar\/4a87d013fc854acd0f25858a13573675?s=96&d=mm&r=g","contentUrl":"https:\/\/secure.gravatar.com\/avatar\/4a87d013fc854acd0f25858a13573675?s=96&d=mm&r=g","caption":"AqME"},"description":"Amateur d'horreur, M\u00e9talleux dans l'\u00e2me, je succombe facilement \u00e0 des images de chatons.","url":"https:\/\/www.lavisqteam.fr\/?author=1"}]}},"jetpack_featured_media_url":"https:\/\/www.lavisqteam.fr\/wp-content\/uploads\/2015\/06\/11659041_1116065591740182_1497927740_o.jpg","_links":{"self":[{"href":"https:\/\/www.lavisqteam.fr\/index.php?rest_route=\/wp\/v2\/posts\/15321"}],"collection":[{"href":"https:\/\/www.lavisqteam.fr\/index.php?rest_route=\/wp\/v2\/posts"}],"about":[{"href":"https:\/\/www.lavisqteam.fr\/index.php?rest_route=\/wp\/v2\/types\/post"}],"author":[{"embeddable":true,"href":"https:\/\/www.lavisqteam.fr\/index.php?rest_route=\/wp\/v2\/users\/1"}],"replies":[{"embeddable":true,"href":"https:\/\/www.lavisqteam.fr\/index.php?rest_route=%2Fwp%2Fv2%2Fcomments&post=15321"}],"version-history":[{"count":1,"href":"https:\/\/www.lavisqteam.fr\/index.php?rest_route=\/wp\/v2\/posts\/15321\/revisions"}],"predecessor-version":[{"id":15325,"href":"https:\/\/www.lavisqteam.fr\/index.php?rest_route=\/wp\/v2\/posts\/15321\/revisions\/15325"}],"wp:featuredmedia":[{"embeddable":true,"href":"https:\/\/www.lavisqteam.fr\/index.php?rest_route=\/wp\/v2\/media\/15324"}],"wp:attachment":[{"href":"https:\/\/www.lavisqteam.fr\/index.php?rest_route=%2Fwp%2Fv2%2Fmedia&parent=15321"}],"wp:term":[{"taxonomy":"category","embeddable":true,"href":"https:\/\/www.lavisqteam.fr\/index.php?rest_route=%2Fwp%2Fv2%2Fcategories&post=15321"},{"taxonomy":"post_tag","embeddable":true,"href":"https:\/\/www.lavisqteam.fr\/index.php?rest_route=%2Fwp%2Fv2%2Ftags&post=15321"}],"curies":[{"name":"wp","href":"https:\/\/api.w.org\/{rel}","templated":true}]}}