{"id":12804,"date":"2015-02-07T21:54:21","date_gmt":"2015-02-07T21:54:21","guid":{"rendered":"http:\/\/www.lavisqteam.fr\/?p=12804"},"modified":"2015-02-07T21:54:21","modified_gmt":"2015-02-07T21:54:21","slug":"festival-de-gerardmer-2015-bilan","status":"publish","type":"post","link":"https:\/\/www.lavisqteam.fr\/?p=12804","title":{"rendered":"Festival de G\u00e9rardmer 2015 &#8211; Bilan"},"content":{"rendered":"<p style=\"text-align: center;\"><a href=\"https:\/\/www.lavisqteam.fr\/wp-content\/uploads\/2015\/02\/G-affiche-Bandeau.jpg\"><img loading=\"lazy\" class=\"alignnone  wp-image-12805\" src=\"https:\/\/www.lavisqteam.fr\/wp-content\/uploads\/2015\/02\/G-affiche-Bandeau.jpg\" alt=\"G-affiche-Bandeau\" width=\"658\" height=\"274\" \/><\/a><\/p>\n<p>Comme vous l\u2019aurez compris, on s\u2019est r\u00e9gal\u00e9s \u00e0 G\u00e9rardmer cette ann\u00e9e. D\u2019ailleurs, pour que vous ayez une meilleure id\u00e9e de la chose, voici le programme que nous avons suivi\u00a0:<\/p>\n<p><em>Mercredi 28 janvier\u00a0:<\/em> C\u00e9r\u00e9monie d\u2019ouverture et projection d\u2019<strong>Ex_Machina<\/strong>.<\/p>\n<p><em>Jeudi 29 janvier :<\/em> Projections de\u00a0: <strong>Goodnight Mommy<\/strong>\u00a0; <strong>Cub<\/strong>\u00a0; <strong>Out of the dark<\/strong>\u00a0; <strong>Monsterz<\/strong>.<\/p>\n<p><em>Vendredi 30 janvier :<\/em> <strong>The man in the orange jacket<\/strong>; <strong>The Pool<\/strong>; <strong>Jamie Marks is dead<\/strong>; <strong>The Voices<\/strong>.<\/p>\n<p><em>Samedi 1er f\u00e9vrier :<\/em> Projections de : <strong>It Follows<\/strong>; <strong>Les \u00e2mes silencieuses<\/strong>; <strong>What We Do In The Dark<\/strong>; <strong>These Last Hours<\/strong> + <span style=\"text-decoration: underline;\">Nuit D\u00e9cal\u00e9e<\/span>, avec : <strong>American Burger<\/strong> et <strong>Zombeavers<\/strong>.<\/p>\n<p><em>Dimanche 2 f\u00e9vrier :<\/em> <strong>Jupiter Ascending<\/strong>; C\u00e9r\u00e9monie de Cl\u00f4ture et projections de <strong>The Mirror<\/strong>\u00a0; <strong>The Atticus Project<\/strong>.<\/p>\n<p>J\u2019en profite \u00e9galement pour vous rappeler le palmar\u00e8s du festival de 2015\u00a0:<\/p>\n<p>&nbsp;<\/p>\n<p>GRAND PRIX\u00a0: <strong>It Follows<\/strong><\/p>\n<p>PRIX DU JURY\u00a0: <strong>The Voices <\/strong>ET<strong> Ex_Machina<\/strong><\/p>\n<p>PRIX DE LA CRITIQUE\u00a0: <strong>It Follows<\/strong><\/p>\n<p>PRIX DU PUBLIC\u00a0: <strong>The Voices<\/strong><\/p>\n<p>PRIX DU JURY JEUNE\u00a0: <strong>Goodnight Mommy<\/strong><\/p>\n<p>PRIX DU JURY SYFY\u00a0: <strong>Goodnight Mommy<\/strong><\/p>\n<p>MEILLEURE MUSIQUE ORIGINALE\u00a0: <strong>These Last Hours<\/strong><\/p>\n<p>&nbsp;<\/p>\n<p>On ne pourra peut-\u00eatre pas vous pr\u00e9senter chacun des films cit\u00e9s ci-dessus mais on ne pourra pas non plus oublier les plus importants\u00a0! Laissez-moi d\u2019abord vous expliquer pourquoi on s\u2019est r\u00e9gal\u00e9s.<\/p>\n<p>Primo, les films en comp\u00e9tition \u00e9taient tr\u00e8s vari\u00e9s et leur niveau g\u00e9n\u00e9ral \u00e9tait franchement bon. C\u2019\u00e9tait personnellement mon premier festival mais j\u2019ai beaucoup entendu dire que le niveau de la comp\u00e9tition d\u00e9passait largement celui de l\u2019ann\u00e9e pr\u00e9c\u00e9dente. L\u2019hiver dernier, les festivaliers auraient eu droit \u00e0 de tr\u00e8s bons films et de tr\u00e8s mauvais mais sans jamais trouver de \u2018juste milieu\u2019\u00a0: rien de pas trop mal, rien qui ne vous fasse dire\u00a0: \u00ab\u00a0\u00e7a casse pas trois pattes \u00e0 un canard, mais il y a de l\u2019id\u00e9e et du travail l\u00e0-dedans, gar\u00e7on\u00a0!\u00a0\u00bb<\/p>\n<p>Secundo, certains films hors comp\u00e9tition \u00e9taient franchement m\u00e9morables et bien entendu carr\u00e9ment meilleurs que d\u2019autres s\u00e9lectionn\u00e9s\u00a0(mais je n\u2019entrerai pas dans ce genre de d\u00e9bat\u2026) Je pense notamment \u00e0 <strong>What We Do In The Shadows<\/strong>, com\u00e9die N\u00e9oz\u00e9landaise HI-LA-RANTE et indispensable. Dans une moindre mesure, on se souviendra de <strong>Monsterz<\/strong>, de <em>Hideo Nakata<\/em> ou encore <strong>The Pool<\/strong> et <strong>The Mirror<\/strong> que je vous pr\u00e9senterai mieux plus bas.<\/p>\n<p>Et tertio\u00a0: en tant que cin\u00e9phile\/cin\u00e9phage ou ce que vous voulez, m\u00eame s\u2019il \u00e9tait dur de d\u00e9partager certains films, cette diversit\u00e9 m\u2019a au moins permise de les classer par cat\u00e9gories. Des cat\u00e9gories sp\u00e9cifiques, comme\u00a0: \u2018remake qui ne sert \u00e0 rien\u2019, \u2018survival interminable et m\u00e9ga pr\u00e9visible que tu passes presque en avance rapide\u2019,\u2019 <strong>Battle Royale<\/strong> pour moins de 6 ans\u2019 (\u00e7a, c\u2019est peut-\u00eatre sp\u00e9cifique \u00e0 <strong>Hunger Games<\/strong>, certes\u2026) Je ne souffre pas de T.O.C ni rien, je suis s\u00fbre que vous fa\u00eetes pareil\u00a0!<\/p>\n<p>Bref\u00a0! Pour me la jouer \u2018originale\u2019, je pensais justement vous parler de quelques films vus durant le festival sur lesquels vous n\u2019entendrez probablement pas grand-chose et vous dire dans quelles bo\u00eetes imaginaires je les rangerais.<\/p>\n<p style=\"text-align: center;\"><a href=\"https:\/\/www.lavisqteam.fr\/wp-content\/uploads\/2015\/02\/280637.jpg-r_640_600-b_1_D6D6D6-f_jpg-q_x-xxyxx.jpg\"><img loading=\"lazy\" class=\"alignnone size-full wp-image-12809\" src=\"https:\/\/www.lavisqteam.fr\/wp-content\/uploads\/2015\/02\/280637.jpg-r_640_600-b_1_D6D6D6-f_jpg-q_x-xxyxx.jpg\" alt=\"280637.jpg-r_640_600-b_1_D6D6D6-f_jpg-q_x-xxyxx\" width=\"450\" height=\"600\" \/><\/a><\/p>\n<p>Dans la cat\u00e9gorie \u2018Film d\u2019Europe de l\u2019Est chiant\u2019, je cite : <strong>The man in the orange jacket<\/strong>, deuxi\u00e8me long-m\u00e9trage d\u2019<em>Aik Karapetian <\/em>et coproduction Lettone et Estonienne. Alors, l\u00e0, on est dans le clich\u00e9 du film chiant. C\u2019est peut-\u00eatre celui qui passera \u00e0 Utopia, d\u2019ailleurs\u00a0! C\u2019est l\u2019histoire d\u2019un ouvrier avec une sale coupe de cheveux qui se fait licencier et p\u00e8te un plomb\u2026 Le film a quand m\u00eame le m\u00e9rite de ne durer qu\u2019 1h10 et des brouettes MAIS d\u2019\u00eatre long, fallait le faire\u00a0! C\u2019est tr\u00e8s peu bavard, bien s\u00fbr et il fait froid\u2026 Mais bon, \u00e7a pourrait \u00eatre pire\u00a0! Ca manque de moyens et de fond mais vous avez tous vu de plus grosses bouses (perso, ma derni\u00e8re en date, c\u2019\u00e9tait <strong>Jupiter Ascending<\/strong>) mais \u00e7a s\u2019oublie vite.<\/p>\n<p style=\"text-align: center;\"><a href=\"https:\/\/www.lavisqteam.fr\/wp-content\/uploads\/2015\/02\/045741.jpg-r_640_600-b_1_D6D6D6-f_jpg-q_x-xxyxx.jpg\"><img loading=\"lazy\" class=\"alignnone size-full wp-image-12808\" src=\"https:\/\/www.lavisqteam.fr\/wp-content\/uploads\/2015\/02\/045741.jpg-r_640_600-b_1_D6D6D6-f_jpg-q_x-xxyxx.jpg\" alt=\"045741.jpg-r_640_600-b_1_D6D6D6-f_jpg-q_x-xxyxx\" width=\"405\" height=\"600\" \/><\/a><\/p>\n<p>Dans la cat\u00e9gorie justement \u2018\u00e7a casse pas trois pattes \u00e0 un canard mais il y a de l\u2019id\u00e9e et du travail\u2019, j\u2019aimerais vous parler un petit peu de <strong>The Pool<\/strong> et de <strong>The Mirror<\/strong>. Hum, hum, \u2018la mare\u2019, \u2018le miroir\u2019, des choses s\u2019y refl\u00e8tent et tout me direz-vous\u00a0! Alors, aucun rapport puisque <strong>The Mirror<\/strong> est le titre fran\u00e7ais (logique, je sais) de <strong>Oculus<\/strong>. C\u2019est d\u00e9j\u00e0 un peu plus mystique, un peu plus accrocheur mais nos compatriotes ont d\u00fb penser que \u00e7a sonnait un peu trop Harry Potter\u2026 <strong>The Pool<\/strong> est donc un thriller fantastique N\u00e9erlandais et le premier long-m\u00e9trage de <em>Chris W. Mitchell<\/em>. L\u2019intrigue est simple\u00a0: un p\u00e8re emm\u00e8ne sa famille, son meilleur pote et sa fille au milieu des bois pour un week-end en mode \u2018stage de survie improvis\u00e9\u2019. Seulement voil\u00e0, la mare au bord de laquelle ils s\u2019installent a un secret. Bref\u00a0! Le stage de survie tourne vite au cauchemar, vous pensez bien. Alors, non, ce n\u2019est pas super original mais on voit de bonnes id\u00e9es et de bons effets. Tout le monde p\u00e8te les plombs, on r\u00e8gle ses comptes et on part bien en vrille\u00a0: tout \u00e7a se fait crescendo et le final n\u2019est pas d\u00e9cevant, au contraire. Pour ce qui est de <strong>The Mirror<\/strong>, ce n\u2019est pas tout \u00e0 fait la m\u00eame chose mais le film entre d\u00e9finitivement dans la m\u00eame cat\u00e9gorie. Le cinqui\u00e8me long-m\u00e9trage de <em>Mike Flanagan<\/em> met en sc\u00e8ne un fr\u00e8re et une s\u0153ur d\u00e9termin\u00e9s \u00e0 d\u00e9truire le miroir qu\u2019ils jugent responsable de la mort de leurs parents\u2026 Alors, oui, on se souvient tous d\u2019un film moyen sorti sous le titre de <strong>Mirrors <\/strong>qui poussaient les gens au suicide et on ne peut pas ne pas y penser\u00a0! Et pourtant, les vraies qualit\u00e9s du film vous embarquent dans une intrigue compl\u00e8tement diff\u00e9rente. C\u2019est un peu brouillon, certes, quelques effets sont redondants mais on trouve dans <strong>The Mirror<\/strong> de tr\u00e8s bonnes id\u00e9es de montage. D\u2019ailleurs, voil\u00e0 une des choses positives que l\u2019on retient\u00a0: \u00e7a commence cash\u00a0! Puis, la frangine sort du commun\u00a0: elle est maligne, organis\u00e9e et dans le sens d\u00e9termin\u00e9e, on trouve rarement mieux\u00a0!<\/p>\n<p style=\"text-align: center;\"><a href=\"https:\/\/www.lavisqteam.fr\/wp-content\/uploads\/2015\/02\/597665.jpg-r_640_600-b_1_D6D6D6-f_jpg-q_x-xxyxx.jpg\"><img loading=\"lazy\" class=\"alignnone size-full wp-image-12807\" src=\"https:\/\/www.lavisqteam.fr\/wp-content\/uploads\/2015\/02\/597665.jpg-r_640_600-b_1_D6D6D6-f_jpg-q_x-xxyxx.jpg\" alt=\"597665.jpg-r_640_600-b_1_D6D6D6-f_jpg-q_x-xxyxx\" width=\"405\" height=\"600\" \/><\/a><\/p>\n<p>Enfin, dans la cat\u00e9gorie \u2018production am\u00e9ricaine d\u00e9j\u00e0 vue cinquante fois\u00a0\u2018, on a quand m\u00eame eu droit \u00e0 <strong>Out of the Dark<\/strong>, premier film de <em>Lluis Quilez<\/em> qui risque de sortir direct en DVD chez nous, voire m\u00eame d\u2019\u00eatre vendu avec un des prochains <strong>Mad Movies<\/strong>&#8230; Dans ce film, une famille part s\u2019installer en Colombie car Maman est sur le point de r\u00e9cup\u00e9rer la bo\u00eete de Papi. Puis, c\u2019est l\u2019occasion id\u00e9ale pour s\u2019installer dans une immense baraque pas ch\u00e8re qui est bien s\u00fbr hant\u00e9e ou en tout cas, visit\u00e9e par des fant\u00f4mes de gamins pas sympas\u2026 Voil\u00e0\u00a0! On voit des ombres, des traces de pas, \u00e7a fait peuuuur\u00a0! Non, s\u00e9rieusement, \u00e7a ne sert \u00e0 rien, c\u2019est ultra pr\u00e9visible et c\u2019est mal cast\u00e9\u00a0! Le couple <em>Julia Stiles\/Scott Speedman<\/em> n\u2019a aucun charisme et <em>Speedman<\/em> est m\u00eame carr\u00e9ment limite dans certaines sc\u00e8nes. (Puis, <em>Stephen Rea<\/em> joue le grand-p\u00e8re et depuis son r\u00f4le dans <strong>Entretien avec un vampire<\/strong>, je le hais, tout simplement\u00a0: je n\u2019ai qu\u2019\u00e0 repenser \u00e0 son petit rictus pour avoir des envie de meurtre\u2026) Les gars, la prochaine fois que vous voulez prendre des vacances en Am\u00e9rique du Sud, pas la peine de pr\u00e9texter un tournage\u00a0!<\/p>\n<p style=\"text-align: center;\"><a href=\"https:\/\/www.lavisqteam.fr\/wp-content\/uploads\/2015\/02\/109650.jpg-r_640_600-b_1_D6D6D6-f_jpg-q_x-xxyxx.jpg\"><img loading=\"lazy\" class=\"alignnone size-full wp-image-12806\" src=\"https:\/\/www.lavisqteam.fr\/wp-content\/uploads\/2015\/02\/109650.jpg-r_640_600-b_1_D6D6D6-f_jpg-q_x-xxyxx.jpg\" alt=\"109650.jpg-r_640_600-b_1_D6D6D6-f_jpg-q_x-xxyxx\" width=\"419\" height=\"600\" \/><\/a><\/p>\n<p>Enfin voil\u00e0\u00a0! Tout \u00e7a pour vous dire qu\u2019on \u00e9tait quand m\u00eame contents de voir tout et n\u2019importe quoi (mais tr\u00e8s peu de n\u2019importe nawak). Je conclurai simplement avec un petit coup de gueule, si vous me le permettez. Je trouve vraiment dommage que <strong>These Final Hours<\/strong> n\u2019ait rien rafl\u00e9 (\u00e0 part la fausse cat\u00e9gorie de \u2018Meilleure Musique Originale\u2019, invent\u00e9e par le Jury Jeune qui s\u2019est s\u00fbrement senti un peu honteux d\u2019avoir d\u00e9cern\u00e9 son prix au m\u00eame film que le Jury SYFY\u00a0: preuve \u00e9vidente de manque de go\u00fbt). Non pas que <strong>Goodnight Mommy<\/strong> des Autrichiens <em>Veronika Franz<\/em> et <em>Severin Fiala<\/em> soit particuli\u00e8rement mauvais, mais est tout de m\u00eame loin d\u2019arriver \u00e0 la cheville d\u2019<strong>Ex_Machina<\/strong>, <strong>It Follows<\/strong>, <strong>Cub<\/strong>, <strong>The Voices<\/strong> ou donc <strong>These Final Hours<\/strong>\u00a0! \u00c7a sert \u00e0 quoi de passer ses journ\u00e9es en cours d\u2019analyse filmique et d\u2019\u00e9criture de sc\u00e9nario pour finalement ne pas \u00eatre capable de diff\u00e9rencier un chef d\u2019\u0153uvre d\u2019un film moyen\u00a0?<\/p>\n<p style=\"text-align: right;\">Par <strong>Evey<\/strong><\/p>\n","protected":false},"excerpt":{"rendered":"<p>Comme vous l\u2019aurez compris, on s\u2019est r\u00e9gal\u00e9s \u00e0 G\u00e9rardmer cette ann\u00e9e. D\u2019ailleurs, pour que vous ayez une meilleure id\u00e9e de la chose, voici le programme &hellip; <\/p>\n","protected":false},"author":1,"featured_media":0,"comment_status":"open","ping_status":"open","sticky":false,"template":"","format":"standard","meta":[],"categories":[1],"tags":[],"yoast_head":"<!-- This site is optimized with the Yoast SEO plugin v19.6.1 - https:\/\/yoast.com\/wordpress\/plugins\/seo\/ -->\n<title>Festival de G\u00e9rardmer 2015 - Bilan - Lavisqteam.fr<\/title>\n<meta name=\"robots\" content=\"index, follow, max-snippet:-1, max-image-preview:large, max-video-preview:-1\" \/>\n<link rel=\"canonical\" href=\"https:\/\/www.lavisqteam.fr\/?p=12804\" \/>\n<meta property=\"og:locale\" content=\"fr_FR\" \/>\n<meta property=\"og:type\" content=\"article\" \/>\n<meta property=\"og:title\" content=\"Festival de G\u00e9rardmer 2015 - Bilan - Lavisqteam.fr\" \/>\n<meta property=\"og:description\" content=\"Comme vous l\u2019aurez compris, on s\u2019est r\u00e9gal\u00e9s \u00e0 G\u00e9rardmer cette ann\u00e9e. D\u2019ailleurs, pour que vous ayez une meilleure id\u00e9e de la chose, voici le programme &hellip;\" \/>\n<meta property=\"og:url\" content=\"https:\/\/www.lavisqteam.fr\/?p=12804\" \/>\n<meta property=\"og:site_name\" content=\"Lavisqteam.fr\" \/>\n<meta property=\"article:published_time\" content=\"2015-02-07T21:54:21+00:00\" \/>\n<meta property=\"og:image\" content=\"https:\/\/www.lavisqteam.fr\/wp-content\/uploads\/2015\/02\/G-affiche-Bandeau.jpg\" \/>\n\t<meta property=\"og:image:width\" content=\"800\" \/>\n\t<meta property=\"og:image:height\" content=\"333\" \/>\n\t<meta property=\"og:image:type\" content=\"image\/jpeg\" \/>\n<meta name=\"author\" content=\"AqME\" \/>\n<meta name=\"twitter:card\" content=\"summary_large_image\" \/>\n<meta name=\"twitter:label1\" content=\"\u00c9crit par\" \/>\n\t<meta name=\"twitter:data1\" content=\"AqME\" \/>\n\t<meta name=\"twitter:label2\" content=\"Dur\u00e9e de lecture estim\u00e9e\" \/>\n\t<meta name=\"twitter:data2\" content=\"7 minutes\" \/>\n<script type=\"application\/ld+json\" class=\"yoast-schema-graph\">{\"@context\":\"https:\/\/schema.org\",\"@graph\":[{\"@type\":\"Article\",\"@id\":\"https:\/\/www.lavisqteam.fr\/?p=12804#article\",\"isPartOf\":{\"@id\":\"https:\/\/www.lavisqteam.fr\/?p=12804\"},\"author\":{\"name\":\"AqME\",\"@id\":\"https:\/\/www.lavisqteam.fr\/#\/schema\/person\/da11d7c30bf135b288b17cc576708c2d\"},\"headline\":\"Festival de G\u00e9rardmer 2015 &#8211; Bilan\",\"datePublished\":\"2015-02-07T21:54:21+00:00\",\"dateModified\":\"2015-02-07T21:54:21+00:00\",\"mainEntityOfPage\":{\"@id\":\"https:\/\/www.lavisqteam.fr\/?p=12804\"},\"wordCount\":1487,\"commentCount\":0,\"publisher\":{\"@id\":\"https:\/\/www.lavisqteam.fr\/#organization\"},\"articleSection\":[\"Uncategorized\"],\"inLanguage\":\"fr-FR\",\"potentialAction\":[{\"@type\":\"CommentAction\",\"name\":\"Comment\",\"target\":[\"https:\/\/www.lavisqteam.fr\/?p=12804#respond\"]}]},{\"@type\":\"WebPage\",\"@id\":\"https:\/\/www.lavisqteam.fr\/?p=12804\",\"url\":\"https:\/\/www.lavisqteam.fr\/?p=12804\",\"name\":\"Festival de G\u00e9rardmer 2015 - Bilan - Lavisqteam.fr\",\"isPartOf\":{\"@id\":\"https:\/\/www.lavisqteam.fr\/#website\"},\"datePublished\":\"2015-02-07T21:54:21+00:00\",\"dateModified\":\"2015-02-07T21:54:21+00:00\",\"breadcrumb\":{\"@id\":\"https:\/\/www.lavisqteam.fr\/?p=12804#breadcrumb\"},\"inLanguage\":\"fr-FR\",\"potentialAction\":[{\"@type\":\"ReadAction\",\"target\":[\"https:\/\/www.lavisqteam.fr\/?p=12804\"]}]},{\"@type\":\"BreadcrumbList\",\"@id\":\"https:\/\/www.lavisqteam.fr\/?p=12804#breadcrumb\",\"itemListElement\":[{\"@type\":\"ListItem\",\"position\":1,\"name\":\"Accueil\",\"item\":\"https:\/\/www.lavisqteam.fr\/\"},{\"@type\":\"ListItem\",\"position\":2,\"name\":\"Festival de G\u00e9rardmer 2015 &#8211; Bilan\"}]},{\"@type\":\"WebSite\",\"@id\":\"https:\/\/www.lavisqteam.fr\/#website\",\"url\":\"https:\/\/www.lavisqteam.fr\/\",\"name\":\"Lavisqteam.fr\",\"description\":\"\",\"publisher\":{\"@id\":\"https:\/\/www.lavisqteam.fr\/#organization\"},\"potentialAction\":[{\"@type\":\"SearchAction\",\"target\":{\"@type\":\"EntryPoint\",\"urlTemplate\":\"https:\/\/www.lavisqteam.fr\/?s={search_term_string}\"},\"query-input\":\"required name=search_term_string\"}],\"inLanguage\":\"fr-FR\"},{\"@type\":\"Organization\",\"@id\":\"https:\/\/www.lavisqteam.fr\/#organization\",\"name\":\"Lavisqteam.fr\",\"url\":\"https:\/\/www.lavisqteam.fr\/\",\"sameAs\":[],\"logo\":{\"@type\":\"ImageObject\",\"inLanguage\":\"fr-FR\",\"@id\":\"https:\/\/www.lavisqteam.fr\/#\/schema\/logo\/image\/\",\"url\":\"https:\/\/www.lavisqteam.fr\/wp-content\/uploads\/2020\/08\/cropped-80879545_3479261675449035_4078032831501041664_o-4.jpg\",\"contentUrl\":\"https:\/\/www.lavisqteam.fr\/wp-content\/uploads\/2020\/08\/cropped-80879545_3479261675449035_4078032831501041664_o-4.jpg\",\"width\":1674,\"height\":536,\"caption\":\"Lavisqteam.fr\"},\"image\":{\"@id\":\"https:\/\/www.lavisqteam.fr\/#\/schema\/logo\/image\/\"}},{\"@type\":\"Person\",\"@id\":\"https:\/\/www.lavisqteam.fr\/#\/schema\/person\/da11d7c30bf135b288b17cc576708c2d\",\"name\":\"AqME\",\"image\":{\"@type\":\"ImageObject\",\"inLanguage\":\"fr-FR\",\"@id\":\"https:\/\/www.lavisqteam.fr\/#\/schema\/person\/image\/\",\"url\":\"https:\/\/secure.gravatar.com\/avatar\/4a87d013fc854acd0f25858a13573675?s=96&d=mm&r=g\",\"contentUrl\":\"https:\/\/secure.gravatar.com\/avatar\/4a87d013fc854acd0f25858a13573675?s=96&d=mm&r=g\",\"caption\":\"AqME\"},\"description\":\"Amateur d'horreur, M\u00e9talleux dans l'\u00e2me, je succombe facilement \u00e0 des images de chatons.\",\"url\":\"https:\/\/www.lavisqteam.fr\/?author=1\"}]}<\/script>\n<!-- \/ Yoast SEO plugin. -->","yoast_head_json":{"title":"Festival de G\u00e9rardmer 2015 - Bilan - Lavisqteam.fr","robots":{"index":"index","follow":"follow","max-snippet":"max-snippet:-1","max-image-preview":"max-image-preview:large","max-video-preview":"max-video-preview:-1"},"canonical":"https:\/\/www.lavisqteam.fr\/?p=12804","og_locale":"fr_FR","og_type":"article","og_title":"Festival de G\u00e9rardmer 2015 - Bilan - Lavisqteam.fr","og_description":"Comme vous l\u2019aurez compris, on s\u2019est r\u00e9gal\u00e9s \u00e0 G\u00e9rardmer cette ann\u00e9e. D\u2019ailleurs, pour que vous ayez une meilleure id\u00e9e de la chose, voici le programme &hellip;","og_url":"https:\/\/www.lavisqteam.fr\/?p=12804","og_site_name":"Lavisqteam.fr","article_published_time":"2015-02-07T21:54:21+00:00","og_image":[{"width":800,"height":333,"url":"https:\/\/www.lavisqteam.fr\/wp-content\/uploads\/2015\/02\/G-affiche-Bandeau.jpg","type":"image\/jpeg"}],"author":"AqME","twitter_card":"summary_large_image","twitter_misc":{"\u00c9crit par":"AqME","Dur\u00e9e de lecture estim\u00e9e":"7 minutes"},"schema":{"@context":"https:\/\/schema.org","@graph":[{"@type":"Article","@id":"https:\/\/www.lavisqteam.fr\/?p=12804#article","isPartOf":{"@id":"https:\/\/www.lavisqteam.fr\/?p=12804"},"author":{"name":"AqME","@id":"https:\/\/www.lavisqteam.fr\/#\/schema\/person\/da11d7c30bf135b288b17cc576708c2d"},"headline":"Festival de G\u00e9rardmer 2015 &#8211; Bilan","datePublished":"2015-02-07T21:54:21+00:00","dateModified":"2015-02-07T21:54:21+00:00","mainEntityOfPage":{"@id":"https:\/\/www.lavisqteam.fr\/?p=12804"},"wordCount":1487,"commentCount":0,"publisher":{"@id":"https:\/\/www.lavisqteam.fr\/#organization"},"articleSection":["Uncategorized"],"inLanguage":"fr-FR","potentialAction":[{"@type":"CommentAction","name":"Comment","target":["https:\/\/www.lavisqteam.fr\/?p=12804#respond"]}]},{"@type":"WebPage","@id":"https:\/\/www.lavisqteam.fr\/?p=12804","url":"https:\/\/www.lavisqteam.fr\/?p=12804","name":"Festival de G\u00e9rardmer 2015 - Bilan - Lavisqteam.fr","isPartOf":{"@id":"https:\/\/www.lavisqteam.fr\/#website"},"datePublished":"2015-02-07T21:54:21+00:00","dateModified":"2015-02-07T21:54:21+00:00","breadcrumb":{"@id":"https:\/\/www.lavisqteam.fr\/?p=12804#breadcrumb"},"inLanguage":"fr-FR","potentialAction":[{"@type":"ReadAction","target":["https:\/\/www.lavisqteam.fr\/?p=12804"]}]},{"@type":"BreadcrumbList","@id":"https:\/\/www.lavisqteam.fr\/?p=12804#breadcrumb","itemListElement":[{"@type":"ListItem","position":1,"name":"Accueil","item":"https:\/\/www.lavisqteam.fr\/"},{"@type":"ListItem","position":2,"name":"Festival de G\u00e9rardmer 2015 &#8211; Bilan"}]},{"@type":"WebSite","@id":"https:\/\/www.lavisqteam.fr\/#website","url":"https:\/\/www.lavisqteam.fr\/","name":"Lavisqteam.fr","description":"","publisher":{"@id":"https:\/\/www.lavisqteam.fr\/#organization"},"potentialAction":[{"@type":"SearchAction","target":{"@type":"EntryPoint","urlTemplate":"https:\/\/www.lavisqteam.fr\/?s={search_term_string}"},"query-input":"required name=search_term_string"}],"inLanguage":"fr-FR"},{"@type":"Organization","@id":"https:\/\/www.lavisqteam.fr\/#organization","name":"Lavisqteam.fr","url":"https:\/\/www.lavisqteam.fr\/","sameAs":[],"logo":{"@type":"ImageObject","inLanguage":"fr-FR","@id":"https:\/\/www.lavisqteam.fr\/#\/schema\/logo\/image\/","url":"https:\/\/www.lavisqteam.fr\/wp-content\/uploads\/2020\/08\/cropped-80879545_3479261675449035_4078032831501041664_o-4.jpg","contentUrl":"https:\/\/www.lavisqteam.fr\/wp-content\/uploads\/2020\/08\/cropped-80879545_3479261675449035_4078032831501041664_o-4.jpg","width":1674,"height":536,"caption":"Lavisqteam.fr"},"image":{"@id":"https:\/\/www.lavisqteam.fr\/#\/schema\/logo\/image\/"}},{"@type":"Person","@id":"https:\/\/www.lavisqteam.fr\/#\/schema\/person\/da11d7c30bf135b288b17cc576708c2d","name":"AqME","image":{"@type":"ImageObject","inLanguage":"fr-FR","@id":"https:\/\/www.lavisqteam.fr\/#\/schema\/person\/image\/","url":"https:\/\/secure.gravatar.com\/avatar\/4a87d013fc854acd0f25858a13573675?s=96&d=mm&r=g","contentUrl":"https:\/\/secure.gravatar.com\/avatar\/4a87d013fc854acd0f25858a13573675?s=96&d=mm&r=g","caption":"AqME"},"description":"Amateur d'horreur, M\u00e9talleux dans l'\u00e2me, je succombe facilement \u00e0 des images de chatons.","url":"https:\/\/www.lavisqteam.fr\/?author=1"}]}},"jetpack_featured_media_url":"","_links":{"self":[{"href":"https:\/\/www.lavisqteam.fr\/index.php?rest_route=\/wp\/v2\/posts\/12804"}],"collection":[{"href":"https:\/\/www.lavisqteam.fr\/index.php?rest_route=\/wp\/v2\/posts"}],"about":[{"href":"https:\/\/www.lavisqteam.fr\/index.php?rest_route=\/wp\/v2\/types\/post"}],"author":[{"embeddable":true,"href":"https:\/\/www.lavisqteam.fr\/index.php?rest_route=\/wp\/v2\/users\/1"}],"replies":[{"embeddable":true,"href":"https:\/\/www.lavisqteam.fr\/index.php?rest_route=%2Fwp%2Fv2%2Fcomments&post=12804"}],"version-history":[{"count":1,"href":"https:\/\/www.lavisqteam.fr\/index.php?rest_route=\/wp\/v2\/posts\/12804\/revisions"}],"predecessor-version":[{"id":12810,"href":"https:\/\/www.lavisqteam.fr\/index.php?rest_route=\/wp\/v2\/posts\/12804\/revisions\/12810"}],"wp:attachment":[{"href":"https:\/\/www.lavisqteam.fr\/index.php?rest_route=%2Fwp%2Fv2%2Fmedia&parent=12804"}],"wp:term":[{"taxonomy":"category","embeddable":true,"href":"https:\/\/www.lavisqteam.fr\/index.php?rest_route=%2Fwp%2Fv2%2Fcategories&post=12804"},{"taxonomy":"post_tag","embeddable":true,"href":"https:\/\/www.lavisqteam.fr\/index.php?rest_route=%2Fwp%2Fv2%2Ftags&post=12804"}],"curies":[{"name":"wp","href":"https:\/\/api.w.org\/{rel}","templated":true}]}}